{"id":12923,"date":"2015-06-14T14:21:29","date_gmt":"2015-06-14T14:21:29","guid":{"rendered":"http:\/\/archivio.comune.potenza.it\/comune_wp\/?p=12923"},"modified":"2015-06-14T14:25:22","modified_gmt":"2015-06-14T14:25:22","slug":"lucia-sileo-partito-democratico-lascio-il-gruppo-dei-24","status":"publish","type":"post","link":"https:\/\/archivio.comune.potenza.it\/?p=12923","title":{"rendered":"Lucia Sileo (Partito Democratico): Lascio il gruppo dei &#8220;24\u201d"},"content":{"rendered":"<p style=\"text-align: justify;\"><span style=\"font-size: 12.1599998474121px; line-height: 1.3em;\">\u201cAvevo firmato un documento di sostegno all&#8217;attivit\u00e0 amministrativa del Sindaco nella convinzione che era necessario evitare alla citt\u00e0 il trauma di nuove elezioni ed aprire una stagione amministrativa di concertazione, collaborazione, ed impegno unitario di tutti i Consiglieri per il bene della nostra comunit\u00e0. Ho dovuto registrare, invece, \u2013 prosegue in una sua nota la consigliera comunale del Pd Lucia Sileo \u2013 che si \u00e8 addirittura ancor pi\u00f9 accentuato un metodo di governo tutto centrato sulle autonome decisioni del Sindaco e della giunta con la sola condivisione dei gruppi che hanno sostenuto De Luca in campagna elettorale. Dissento da una tale gestione improntata sulla scelta di pochi e sempre meno sul coinvolgimento di tutti i consiglieri legittimamente eletti, chiamati solo ad alzare la mano al momento di deliberare. Potenza \u00e8 in balia di un modo di gestire la cosa pubblica di estrema chiusura e rigidit\u00e0. Spesso i consiglieri non sanno, o sanno solo poco prima ed in modo a volte raffazzonato, neanche su cosa dovranno esprimersi. Le ultime vicende amministrative mi hanno poi trovata in totale disaccordo oltre ad aver marginalizzato il ruolo della Commissione che mi onoro di presiedere. N\u00e9 in campo vi sono azioni che guardano al futuro della nostra comunit\u00e0. Sono sempre stata una donna di sinistra, \u2013 aggiunge \u2013 di una sinistra riformista, aperta e solidale, pronta ad accettare le voci critiche, anche e soprattutto al\u00a0proprio interno, capace di discutere, riflettere e confrontarsi sulle varie questioni, opinioni e diversi punti di vista. Purtroppo mi sono accorta che i 24 firmatari del documento rappresentano oggi\u00a0un soggetto assolutamente marginale, nessuna discussione, nessuna condivisione, nessun rispetto per il ruolo di consigliere, nessun rispetto per i loro gruppi di appartenenza. Siamo anzi al paradosso che i 24 vengono addirittura considerati la causa delle inefficienze amministrative. Non ho votato il dissesto, l&#8217;ho sempre considerato un errore da evitare, ho pianto per la mia citt\u00e0 ed oggi quelle lacrime le vedo sui volti delle donne accampate davanti al comune, lasciate sole e senza speranza. Lasciare il gruppo dei 24 sicuramente non servir\u00e0 a salvare i loro posti lavori e a risolvere i problemi di Potenza, mi consentir\u00e0 per\u00f2 di essere libera di dire quello che penso, applaudire, criticare, dissentire senza che appaia a nessuno come un atto di incoerenza e slealt\u00e0 nei confronti del Sindaco o dei colleghi. Mi consentir\u00e0 di dire no a tante scelte che non condivido e parlare alla mia citt\u00e0 con serenit\u00e0 delle sue emergenze e del suo futuro\u201d conclude la consigliera Sileo.<\/span><\/p>\n<p>\u00a0<\/p>\n","protected":false},"excerpt":{"rendered":"<p>\u201cAvevo firmato un documento di sostegno all&#8217;attivit\u00e0 amministrativa del Sindaco nella convinzione che era necessario evitare alla citt\u00e0 il trauma di nuove elezioni ed aprire &#8230; <\/p>\n","protected":false},"author":1,"featured_media":0,"comment_status":"closed","ping_status":"closed","sticky":false,"template":"single-sidebar.php","format":"standard","meta":{"footnotes":""},"categories":[384],"tags":[],"class_list":["post-12923","post","type-post","status-publish","format-standard","hentry","category-c243-comunicati-stampa-dei-consiglieri-243"],"_links":{"self":[{"href":"https:\/\/archivio.comune.potenza.it\/index.php?rest_route=\/wp\/v2\/posts\/12923"}],"collection":[{"href":"https:\/\/archivio.comune.potenza.it\/index.php?rest_route=\/wp\/v2\/posts"}],"about":[{"href":"https:\/\/archivio.comune.potenza.it\/index.php?rest_route=\/wp\/v2\/types\/post"}],"author":[{"embeddable":true,"href":"https:\/\/archivio.comune.potenza.it\/index.php?rest_route=\/wp\/v2\/users\/1"}],"replies":[{"embeddable":true,"href":"https:\/\/archivio.comune.potenza.it\/index.php?rest_route=%2Fwp%2Fv2%2Fcomments&post=12923"}],"version-history":[{"count":0,"href":"https:\/\/archivio.comune.potenza.it\/index.php?rest_route=\/wp\/v2\/posts\/12923\/revisions"}],"wp:attachment":[{"href":"https:\/\/archivio.comune.potenza.it\/index.php?rest_route=%2Fwp%2Fv2%2Fmedia&parent=12923"}],"wp:term":[{"taxonomy":"category","embeddable":true,"href":"https:\/\/archivio.comune.potenza.it\/index.php?rest_route=%2Fwp%2Fv2%2Fcategories&post=12923"},{"taxonomy":"post_tag","embeddable":true,"href":"https:\/\/archivio.comune.potenza.it\/index.php?rest_route=%2Fwp%2Fv2%2Ftags&post=12923"}],"curies":[{"name":"wp","href":"https:\/\/api.w.org\/{rel}","templated":true}]}}