{"id":12924,"date":"2015-06-14T14:23:21","date_gmt":"2015-06-14T14:23:21","guid":{"rendered":"http:\/\/archivio.comune.potenza.it\/comune_wp\/?p=12924"},"modified":"-0001-11-30T00:00:00","modified_gmt":"-0001-11-29T22:00:00","slug":"giuseppe-giuzio-fratelli-d-italia-classifica-gradimento-sindaci-complimenti-a-de-luca-per-il-7-posto","status":"publish","type":"post","link":"https:\/\/archivio.comune.potenza.it\/?p=12924","title":{"rendered":"Giuseppe Giuzio (Fratelli d&#8217;Italia): Classifica gradimento Sindaci, complimenti a De Luca per il 7\u00b0 posto"},"content":{"rendered":"<p style=\"text-align: justify;\"><span style=\"font-size: 12.1599998474121px; line-height: 1.3em;\">\u201cDario De Luca si posiziona al settimo posto nella classifica di gradimento dei sindaci d&#8217;Italia. Un risultato da un lato clamoroso, \u2013 secondo quanto sostenuto dal consigliere comunale di Fratelli d\u2019Italia Giuseppe Giuzio \u2013 considerato che la citt\u00e0 sta affrontando uno dei momenti pi\u00f9 difficili della sua storia, ma dall&#8217;altro prevedibile in virt\u00f9 dell&#8217;affetto che lo stesso De Luca riscontra in ogni sua uscita pubblica. Il profilo di persona per bene, professionista serio, uomo schietto e genuino, ha fatto comprendere alla citt\u00e0 che si stanno imponendo sacrifici al solo fine di avere un futuro. La soddisfazione \u2013 ancora il consigliere di FdI \u2013 \u00e8 ancora maggiore considerato che Dario De Luca \u00e8 stato scelto dal centro destra ed \u00e8 stato eletto in una citt\u00e0 da sempre spostata a sinistra, e che il suo gradimento \u00e8 addirittura in crescita rispetto al giorno della sua elezione. Potenza sta navigando verso il riequilibrio di bilancio e lo sta facendo anche grazie alla tenacia del suo Sindaco. Complimenti al Primo Cittadino per quanto fatto finora, con l&#8217;invito a non gettare la spugna, perch\u00e9 Potenza ha creduto e continua a credere in lui\u201d conclude Giuzio.<\/span><\/p>\n","protected":false},"excerpt":{"rendered":"<p>\u201cDario De Luca si posiziona al settimo posto nella classifica di gradimento dei sindaci d&#8217;Italia. Un risultato da un lato clamoroso, \u2013 secondo quanto sostenuto &#8230; <\/p>\n","protected":false},"author":1,"featured_media":0,"comment_status":"closed","ping_status":"closed","sticky":false,"template":"single-sidebar.php","format":"standard","meta":{"footnotes":""},"categories":[384],"tags":[],"class_list":["post-12924","post","type-post","status-publish","format-standard","hentry","category-c243-comunicati-stampa-dei-consiglieri-243"],"_links":{"self":[{"href":"https:\/\/archivio.comune.potenza.it\/index.php?rest_route=\/wp\/v2\/posts\/12924"}],"collection":[{"href":"https:\/\/archivio.comune.potenza.it\/index.php?rest_route=\/wp\/v2\/posts"}],"about":[{"href":"https:\/\/archivio.comune.potenza.it\/index.php?rest_route=\/wp\/v2\/types\/post"}],"author":[{"embeddable":true,"href":"https:\/\/archivio.comune.potenza.it\/index.php?rest_route=\/wp\/v2\/users\/1"}],"replies":[{"embeddable":true,"href":"https:\/\/archivio.comune.potenza.it\/index.php?rest_route=%2Fwp%2Fv2%2Fcomments&post=12924"}],"version-history":[{"count":0,"href":"https:\/\/archivio.comune.potenza.it\/index.php?rest_route=\/wp\/v2\/posts\/12924\/revisions"}],"wp:attachment":[{"href":"https:\/\/archivio.comune.potenza.it\/index.php?rest_route=%2Fwp%2Fv2%2Fmedia&parent=12924"}],"wp:term":[{"taxonomy":"category","embeddable":true,"href":"https:\/\/archivio.comune.potenza.it\/index.php?rest_route=%2Fwp%2Fv2%2Fcategories&post=12924"},{"taxonomy":"post_tag","embeddable":true,"href":"https:\/\/archivio.comune.potenza.it\/index.php?rest_route=%2Fwp%2Fv2%2Ftags&post=12924"}],"curies":[{"name":"wp","href":"https:\/\/api.w.org\/{rel}","templated":true}]}}