{"id":12925,"date":"2015-06-14T14:24:26","date_gmt":"2015-06-14T14:24:26","guid":{"rendered":"http:\/\/archivio.comune.potenza.it\/comune_wp\/?p=12925"},"modified":"-0001-11-30T00:00:00","modified_gmt":"-0001-11-29T22:00:00","slug":"gianpaolo-carretta-partito-democratico-azione-amministrativa-e-situazione-politica","status":"publish","type":"post","link":"https:\/\/archivio.comune.potenza.it\/?p=12925","title":{"rendered":"Gianpaolo Carretta (Partito Democratico): Azione amministrativa e situazione politica"},"content":{"rendered":"<p style=\"text-align: justify;\"><span style=\"font-size: 12.1599998474121px; line-height: 1.3em;\">\u201cSiamo estremamente preoccupati \u2013 sostiene il consigliere comunale del Pd, Gianpaolo Carretta \u2013 sotto il profilo amministrativo dell\u2019azione messa in essere dalla Giunta comunale, che dimostra purtroppo quotidianamente di non avere quella necessaria cultura politica e quella indispensabile esperienza amministrativa, per mettere in campo un\u2019idea di citt\u00e0 e una visione strategica, che possa assegnare al capoluogo di regione un ruolo e una identit\u00e0. Abbiamo da sempre censurato la scelta che ha portato a una dichiarazione di dissesto, frutto di una visione ideologica e di un disegno politico a danno della comunit\u00e0. Il Comune di Potenza, lo ribadiremo sempre e con forza, era gravato da un disavanzo di amministrazione e non da debiti fuori bilancio, disavanzo che imponeva esclusivamente un piano di riequilibrio, cos\u00ec come avviene in tutti gli Enti locali d\u2019Italia che si trovano in situazioni analoghe. Alla disastrosa scelta della dichiarazione di dissesto \u2013 prosegue Carretta \u2013 \u00e8 seguito l\u2019inevitabile taglio dei servizi, lo sforamento del Patto di stabilit\u00e0, la mancata presentazione del Piano di dimensionamento scolastico e, da ultimo, l\u2019approvazione di un Piano del Trasporto pubblico errato sotto il profilo tecnico, che crea enormi disagi nella citt\u00e0 e che, apprendiamo a seguito di rituale richiesta, risulta sprovvisto del relativo contratto, con tutto ci\u00f2 che ne deriva in termini di trasparenza, tutela e garanzia per la pubblica amministrazione. Abbiamo avuto da subito un atteggiamento di responsabilit\u00e0 che ci ha portato ad approvare tutti quei provvedimenti che abbiamo ritenuto utili per la citt\u00e0, sottoscrivendo un documento di profilo istituzionale con l\u2019obiettivo di evitare nuove elezioni che in questo momento avrebbero gravato enormemente sotto l\u2019aspetto sociale ed economico sulla comunit\u00e0 cittadina, ma registriamo che si assumono decisioni senza coinvolgere la citt\u00e0 e il Consiglio comunale, subendo il condizionamento politico di una destra che in questi mesi si \u00e8 attardata in sterili polemiche finalizzate a denunciare presunte illegittimit\u00e0 amministrative, il tutto corroborato da indiscriminati attacchi di tipo personale, ma senza dimostrare di avere un\u2019idea e un progetto alternativo di governo della citt\u00e0\u201d conclude il consigliere del Pd.<\/span><\/p>\n<p>\u00a0<\/p>\n","protected":false},"excerpt":{"rendered":"<p>\u201cSiamo estremamente preoccupati \u2013 sostiene il consigliere comunale del Pd, Gianpaolo Carretta \u2013 sotto il profilo amministrativo dell\u2019azione messa in essere dalla Giunta comunale, che &#8230; <\/p>\n","protected":false},"author":1,"featured_media":0,"comment_status":"closed","ping_status":"closed","sticky":false,"template":"single-sidebar.php","format":"standard","meta":{"footnotes":""},"categories":[384],"tags":[],"class_list":["post-12925","post","type-post","status-publish","format-standard","hentry","category-c243-comunicati-stampa-dei-consiglieri-243"],"_links":{"self":[{"href":"https:\/\/archivio.comune.potenza.it\/index.php?rest_route=\/wp\/v2\/posts\/12925"}],"collection":[{"href":"https:\/\/archivio.comune.potenza.it\/index.php?rest_route=\/wp\/v2\/posts"}],"about":[{"href":"https:\/\/archivio.comune.potenza.it\/index.php?rest_route=\/wp\/v2\/types\/post"}],"author":[{"embeddable":true,"href":"https:\/\/archivio.comune.potenza.it\/index.php?rest_route=\/wp\/v2\/users\/1"}],"replies":[{"embeddable":true,"href":"https:\/\/archivio.comune.potenza.it\/index.php?rest_route=%2Fwp%2Fv2%2Fcomments&post=12925"}],"version-history":[{"count":0,"href":"https:\/\/archivio.comune.potenza.it\/index.php?rest_route=\/wp\/v2\/posts\/12925\/revisions"}],"wp:attachment":[{"href":"https:\/\/archivio.comune.potenza.it\/index.php?rest_route=%2Fwp%2Fv2%2Fmedia&parent=12925"}],"wp:term":[{"taxonomy":"category","embeddable":true,"href":"https:\/\/archivio.comune.potenza.it\/index.php?rest_route=%2Fwp%2Fv2%2Fcategories&post=12925"},{"taxonomy":"post_tag","embeddable":true,"href":"https:\/\/archivio.comune.potenza.it\/index.php?rest_route=%2Fwp%2Fv2%2Ftags&post=12925"}],"curies":[{"name":"wp","href":"https:\/\/api.w.org\/{rel}","templated":true}]}}