{"id":12928,"date":"2015-06-14T14:35:41","date_gmt":"2015-06-14T14:35:41","guid":{"rendered":"http:\/\/archivio.comune.potenza.it\/comune_wp\/?p=12928"},"modified":"-0001-11-30T00:00:00","modified_gmt":"-0001-11-29T22:00:00","slug":"giuseppe-giuzio-fratelli-d-italia-potenza-si-salvera-da-sola","status":"publish","type":"post","link":"https:\/\/archivio.comune.potenza.it\/?p=12928","title":{"rendered":"Giuseppe Giuzio (Fratelli d&#8217;Italia): Potenza si salver\u00e0 da sola"},"content":{"rendered":"<p style=\"text-align: justify;\"><span style=\"font-size: 12.1599998474121px; line-height: 1.3em;\">\u201cCome Ponzio Pilato, buona parte della politica lucana si \u00e8 lavata le mani, evidenziando che in 48 ore non sar\u00e0 possibile mettere a disposizione della citt\u00e0 capoluogo di regione i 42 milioni di euro per risollevare le sue casse dissestate. Ci sarebbe da chiedersi \u2013 prosegue il consigliere di Fratelli d\u2019Italia Giuseppe Giuzio \u2013 perch\u00e9 si \u00e8 perso tanto tempo facendo credere, con missive e promesse, che in un modo o nell&#8217;altro quelle somme potevano esserci. La \u2018capitale\u2019 della Basilicata sembrerebbe destinata al fallimento ma cos\u00ec non sar\u00e0, possono stare tranquilli i potentini. La Regione sar\u00e0, anche controvoglia, costretta \u2013 di fronte all&#8217;impossibilit\u00e0 del Municipio ad assicurare i servizi minimi \u2013 a mettere mano al portafoglio se non vorr\u00e0 vedere le strade intasate di rifiuti, il trasporto urbano bloccato, le scale mobili ferme, gli asili chiusi e le mense soppresse: tutti servizi essenziali che la Giunta regionale dovr\u00e0 obbligatoriamente finanziare. \u00c8 da sottolineare, ove ve ne fosse bisogno, che chi oggi fa orecchie da mercante \u00e8 anche chi ha creato il disastro. Ai consiglieri comunali \u2013 che per interessi personalissimi hanno iniziato a fare tatticismi, terrorismo psicologico o, peggio, campagna elettorale \u2013 \u00e8 necessario ricordare che questo \u00e8 il momento del coraggio ed \u00e8 essenziale affrontare le responsabilit\u00e0, uniti con il Sindaco, per guidare l&#8217;Ente nella direzione del risanamento. Poi ci sar\u00e0 spazio per tutti o, in caso contrario, forse, per nessuno. La battaglia la vincer\u00e0 Potenza checch\u00e9 ne dica la politica regionale. La realt\u00e0 \u2013 conclude Giuzio \u2013 superer\u00e0 le logiche politiche e in un quinquennio Potenza diventer\u00e0 una citt\u00e0 &#8220;normale&#8221;. Avanti senza alcuna paura, Potenza si salver\u00e0 dal basso da sola\u201d.<\/span><\/p>\n","protected":false},"excerpt":{"rendered":"<p>\u201cCome Ponzio Pilato, buona parte della politica lucana si \u00e8 lavata le mani, evidenziando che in 48 ore non sar\u00e0 possibile mettere a disposizione della &#8230; <\/p>\n","protected":false},"author":1,"featured_media":0,"comment_status":"closed","ping_status":"closed","sticky":false,"template":"single-sidebar.php","format":"standard","meta":{"footnotes":""},"categories":[384],"tags":[],"class_list":["post-12928","post","type-post","status-publish","format-standard","hentry","category-c243-comunicati-stampa-dei-consiglieri-243"],"_links":{"self":[{"href":"https:\/\/archivio.comune.potenza.it\/index.php?rest_route=\/wp\/v2\/posts\/12928"}],"collection":[{"href":"https:\/\/archivio.comune.potenza.it\/index.php?rest_route=\/wp\/v2\/posts"}],"about":[{"href":"https:\/\/archivio.comune.potenza.it\/index.php?rest_route=\/wp\/v2\/types\/post"}],"author":[{"embeddable":true,"href":"https:\/\/archivio.comune.potenza.it\/index.php?rest_route=\/wp\/v2\/users\/1"}],"replies":[{"embeddable":true,"href":"https:\/\/archivio.comune.potenza.it\/index.php?rest_route=%2Fwp%2Fv2%2Fcomments&post=12928"}],"version-history":[{"count":0,"href":"https:\/\/archivio.comune.potenza.it\/index.php?rest_route=\/wp\/v2\/posts\/12928\/revisions"}],"wp:attachment":[{"href":"https:\/\/archivio.comune.potenza.it\/index.php?rest_route=%2Fwp%2Fv2%2Fmedia&parent=12928"}],"wp:term":[{"taxonomy":"category","embeddable":true,"href":"https:\/\/archivio.comune.potenza.it\/index.php?rest_route=%2Fwp%2Fv2%2Fcategories&post=12928"},{"taxonomy":"post_tag","embeddable":true,"href":"https:\/\/archivio.comune.potenza.it\/index.php?rest_route=%2Fwp%2Fv2%2Ftags&post=12928"}],"curies":[{"name":"wp","href":"https:\/\/api.w.org\/{rel}","templated":true}]}}