{"id":12929,"date":"2015-06-14T14:36:45","date_gmt":"2015-06-14T14:36:45","guid":{"rendered":"http:\/\/archivio.comune.potenza.it\/comune_wp\/?p=12929"},"modified":"-0001-11-30T00:00:00","modified_gmt":"-0001-11-29T22:00:00","slug":"nicola-lovallo-partito-democratico-impianti-minieolici","status":"publish","type":"post","link":"https:\/\/archivio.comune.potenza.it\/?p=12929","title":{"rendered":"Nicola Lovallo (Partito Democratico): Impianti \u2018minieolici\u2019"},"content":{"rendered":"<p style=\"text-align: justify;\"><span style=\"font-size: 12.1599998474121px; line-height: 1.3em;\">Il consigliere comunale del Pd, Nicola Lovallo ha presentato un\u2019interrogazione nel corso dell\u2019ultimo Consiglio comunale per chiedere quali azioni \u201cil Comune abbia posto in essere presso la Regione Basilicata per esaminare la questione afferente gli impianti eolici con potenza nominale inferiore ai 200 Kw. Ritengo che sarebbe opportuno \u2013 prosegue Lovallo \u2013 chiedere alla stessa Regione la costituzione di un tavolo tecnico finalizzato all\u2019approfondimento e alla conseguente risoluzione delle criticit\u00e0 che il problema solleva. Infatti, in alcune zone di Potenza, \u00e8 in corso la realizzazione di alcuni impianti eolici di potenza nominale inferiore ai 200 kw, da parte di diverse societ\u00e0 proponenti. La realizzazione di questi impianti, pur se costruiti in conformit\u00e0 alla normativa di settore, di fatto si presentano come dei mini parchi, a causa dell\u2019effetto cumulo legato ai numerosi aerogeneratori costruiti nelle singole zone. La norma di riferimento non prevede per tali situazione l\u2019assoggettabilit\u00e0 dell\u2019intervento alla procedura di \u2018Valutazione d\u2019impatto ambientale\u2019 (Via), essendo appunto costituita da impianti di potenza nominale inferiore ai 200 kw. A ci\u00f2 si aggiunga che le strade attraversate dai mezzi pesanti, per raggiungere l\u2019area di cantiere, risultano essere danneggiate, creando notevoli disagi ai cittadini che quotidianamente le percorrono. Va ricordato, inoltre che si sono costituiti comitati di cittadini contrari alla realizzazione degli impianti, perch\u00e9 dalla loro esecuzione deriva la compromissione del paesaggio. In ultimo \u2013 conclude il consigliere del Pd \u2013 la situazione finanziaria dell\u2019Amministrazione comunale non consente di prevedere poste di bilancio finalizzate alla realizzazione di interventi diretti al ripristino dei danni provocati alle strade di cui si \u00e8 detto\u201d.\u00a0<\/span><\/p>\n","protected":false},"excerpt":{"rendered":"<p>Il consigliere comunale del Pd, Nicola Lovallo ha presentato un\u2019interrogazione nel corso dell\u2019ultimo Consiglio comunale per chiedere quali azioni \u201cil Comune abbia posto in essere &#8230; <\/p>\n","protected":false},"author":1,"featured_media":0,"comment_status":"closed","ping_status":"closed","sticky":false,"template":"single-sidebar.php","format":"standard","meta":{"footnotes":""},"categories":[384],"tags":[],"class_list":["post-12929","post","type-post","status-publish","format-standard","hentry","category-c243-comunicati-stampa-dei-consiglieri-243"],"_links":{"self":[{"href":"https:\/\/archivio.comune.potenza.it\/index.php?rest_route=\/wp\/v2\/posts\/12929"}],"collection":[{"href":"https:\/\/archivio.comune.potenza.it\/index.php?rest_route=\/wp\/v2\/posts"}],"about":[{"href":"https:\/\/archivio.comune.potenza.it\/index.php?rest_route=\/wp\/v2\/types\/post"}],"author":[{"embeddable":true,"href":"https:\/\/archivio.comune.potenza.it\/index.php?rest_route=\/wp\/v2\/users\/1"}],"replies":[{"embeddable":true,"href":"https:\/\/archivio.comune.potenza.it\/index.php?rest_route=%2Fwp%2Fv2%2Fcomments&post=12929"}],"version-history":[{"count":0,"href":"https:\/\/archivio.comune.potenza.it\/index.php?rest_route=\/wp\/v2\/posts\/12929\/revisions"}],"wp:attachment":[{"href":"https:\/\/archivio.comune.potenza.it\/index.php?rest_route=%2Fwp%2Fv2%2Fmedia&parent=12929"}],"wp:term":[{"taxonomy":"category","embeddable":true,"href":"https:\/\/archivio.comune.potenza.it\/index.php?rest_route=%2Fwp%2Fv2%2Fcategories&post=12929"},{"taxonomy":"post_tag","embeddable":true,"href":"https:\/\/archivio.comune.potenza.it\/index.php?rest_route=%2Fwp%2Fv2%2Ftags&post=12929"}],"curies":[{"name":"wp","href":"https:\/\/api.w.org\/{rel}","templated":true}]}}