{"id":12930,"date":"2015-06-14T14:37:46","date_gmt":"2015-06-14T14:37:46","guid":{"rendered":"http:\/\/archivio.comune.potenza.it\/comune_wp\/?p=12930"},"modified":"-0001-11-30T00:00:00","modified_gmt":"-0001-11-29T22:00:00","slug":"sergio-potenza-popolari-uniti-bilancio-e-difficolta-finanziarie-del-comune","status":"publish","type":"post","link":"https:\/\/archivio.comune.potenza.it\/?p=12930","title":{"rendered":"Sergio Potenza (Popolari Uniti): Bilancio e difficolt\u00e0 finanziarie del Comune"},"content":{"rendered":"<p style=\"text-align: justify;\"><span style=\"font-size: 12.1599998474121px; line-height: 1.3em;\">\u201cLa Regione si era impegnata a predisporre due distinte delibere di indirizzo:\u00a0 una da 10 mln di euro e l\u2019altra da 32 milioni di euro nel triennio. L\u2019arrivo del Commissario in Comune non eviterebbe la necessit\u00e0 del pareggio di Bilancio. I servizi gi\u00e0 ridotti sarebbero a rischio, con perdita di altri posti di lavoro e il personale dipendente del Comune potrebbe andare in parte a casa. A quel punto sarebbe davvero a rischio la tenuta sociale! Il Presidente Marcello Pittella deve insistere nel percorso individuato e salvare il capoluogo di regione da effetti nefasti. Sar\u00e0 possibile chiudere un Bilancio stabilmente riequilibrato per il triennio 2014-2016 se la Regione Basilicata far\u00e0 gli atti necessari\u201d. Cos\u00ec il capigruppo dei Popolari uniti, Sergio Potenza.<\/span><\/p>\n<p>\u201cE\u2019 chiaro a tutti \u2013 prosegue Potenza \u2013 che la Regione Basilicata non avrebbe nell\u2019immediato la possibilit\u00e0 di stanziare la somma di 42 milioni di euro in favore del Comune di Potenza. Per\u00f2, allo stato, non si sono ancora comprese le ragioni che hanno portato all\u2019abbandono della strada in precedenza concordata. Infatti, nelle scorse settimana la Regione si era impegnata a predisporre due distinte delibere di indirizzo: una contenente l\u2019impegno a corrispondere a breve l\u2019importo di 10 milioni di euro e l\u2019altra a versare la somma dei restanti 32 milioni di euro nel triennio\u201d.<\/p>\n<p>\u201cPoi, sulla scorta di quanto riferitoci in Consiglio comunale dal vice Ministro Bubbico &#8211; prosegue Potenza &#8211; i 32 milioni di euro potrebbero diventare un importo di gran lunga inferiore per via della quasi certa riduzione della sanzione amministrativa prevista per via dello sforamento del Patto di stabilit\u00e0. Ma vi \u00e8 di pi\u00f9! Con l\u2019emanazione del decreto ministeriale contenete la previsione di riequilibrio per i comuni in difficolt\u00e0 in un periodo di 5 anni anzich\u00e9 di 3, le somme previste potrebbero essere ulteriormente dilazionate.<\/p>\n<p>Allora la Regione Basilicata potrebbe anche rivedere l\u2019atto di indirizzo con nuove cifre a ribasso, nell\u2019attesa dell\u2019approvazione di una legge regionale in favore della citt\u00e0 Capoluogo.\u201d<\/p>\n<p>\u00a0\u201cTale soluzione &#8211; continua Potenza &#8211; consentirebbe al capoluogo di predisporre un atto fondato su presupposti giuridici forti e sostenuto da argomentazioni solide nonch\u00e9 da numeri credibili\u201d<\/p>\n<p>\u201cVolendo poi ipotizzare il peggio &#8211; aggiunge Potenza -, ovvero il mancato recepimento nel decreto della dilazione a cinque anni, comunque ci sarebbero tutti i tempi per un\u2019approfondita disamina della questione su un tavolo comune tra Municipio, Ministero e Regione Basilicata\u201d.<\/p>\n<p>\u201cIn ogni caso &#8211; afferma il capogruppo &#8211; l\u2019arrivo del Commissario non eviterebbe la necessit\u00e0 del pareggio di Bilancio. Allora davvero i servizi gi\u00e0 ridotti sarebbero a rischio, con perdita di altri posti di lavoro. Il tutto senza trascurare che i tagli potrebbero riguardare i 24 milioni di euro per la tenuta del personale dipendente del Comune. Insomma, in assenza di politica e con mera operazione di ragioneria si avrebbero molti licenziamenti. A quel punto sarebbe davvero a rischio la tenuta sociale! \u201cNell\u2019auspicare che il Presidente Marcello Pittella &#8211; conclude Potenza &#8211; far\u00e0 tutto quanto di sua competenza per salvare il capoluogo di regione ed evitare effetti nefasti per lo stesso, ci auguriamo la ripresa del percorso individuato. Il capoluogo \u00e8 di tutti senza distinzione di colori politici\u201d.<\/p>\n<p>\u00a0<\/p>\n","protected":false},"excerpt":{"rendered":"<p>\u201cLa Regione si era impegnata a predisporre due distinte delibere di indirizzo:\u00a0 una da 10 mln di euro e l\u2019altra da 32 milioni di euro &#8230; <\/p>\n","protected":false},"author":1,"featured_media":0,"comment_status":"closed","ping_status":"closed","sticky":false,"template":"single-sidebar.php","format":"standard","meta":{"footnotes":""},"categories":[384],"tags":[],"class_list":["post-12930","post","type-post","status-publish","format-standard","hentry","category-c243-comunicati-stampa-dei-consiglieri-243"],"_links":{"self":[{"href":"https:\/\/archivio.comune.potenza.it\/index.php?rest_route=\/wp\/v2\/posts\/12930"}],"collection":[{"href":"https:\/\/archivio.comune.potenza.it\/index.php?rest_route=\/wp\/v2\/posts"}],"about":[{"href":"https:\/\/archivio.comune.potenza.it\/index.php?rest_route=\/wp\/v2\/types\/post"}],"author":[{"embeddable":true,"href":"https:\/\/archivio.comune.potenza.it\/index.php?rest_route=\/wp\/v2\/users\/1"}],"replies":[{"embeddable":true,"href":"https:\/\/archivio.comune.potenza.it\/index.php?rest_route=%2Fwp%2Fv2%2Fcomments&post=12930"}],"version-history":[{"count":0,"href":"https:\/\/archivio.comune.potenza.it\/index.php?rest_route=\/wp\/v2\/posts\/12930\/revisions"}],"wp:attachment":[{"href":"https:\/\/archivio.comune.potenza.it\/index.php?rest_route=%2Fwp%2Fv2%2Fmedia&parent=12930"}],"wp:term":[{"taxonomy":"category","embeddable":true,"href":"https:\/\/archivio.comune.potenza.it\/index.php?rest_route=%2Fwp%2Fv2%2Fcategories&post=12930"},{"taxonomy":"post_tag","embeddable":true,"href":"https:\/\/archivio.comune.potenza.it\/index.php?rest_route=%2Fwp%2Fv2%2Ftags&post=12930"}],"curies":[{"name":"wp","href":"https:\/\/api.w.org\/{rel}","templated":true}]}}