{"id":12933,"date":"2015-06-14T14:51:10","date_gmt":"2015-06-14T14:51:10","guid":{"rendered":"http:\/\/archivio.comune.potenza.it\/comune_wp\/?p=12933"},"modified":"-0001-11-30T00:00:00","modified_gmt":"-0001-11-29T22:00:00","slug":"gianpaolo-carretta-lucia-sileo-e-nicola-lovallo-partito-democratico-critiche-all-assessore-alla-cultura-e-istruzione","status":"publish","type":"post","link":"https:\/\/archivio.comune.potenza.it\/?p=12933","title":{"rendered":"Gianpaolo Carretta, Lucia Sileo e Nicola Lovallo (Partito Democratico): Critiche all&#8217;Assessore alla Cultura e Istruzione"},"content":{"rendered":"<p style=\"text-align: justify;\">\u201cE\u2019 ormai evidente al Consiglio comunale e alla citt\u00e0 l\u2019approssimazione e l\u2019estemporaneit\u00e0 amministrativa con le\u00a0 quali viene gestito l\u2019assessorato alla Cultura e all\u2019Istruzione del Comune di Potenza, in quanto \u00e8 da circa un anno, e cio\u00e8 dall\u2019insediamento della Giunta comunale, che si registra l\u2019assenza di un\u2019idea di scuola e di un progetto di crescita e di gestione con l\u2019intera comunit\u00e0 scolastica cittadina. Abbiamo in questi mesi registrato esclusivamente un approccio autoreferenziale e autoritario tanto \u2013 proseguono in una nota congiunta i consiglieri comunali del Pd Gianpaolo Carretta, Lucia Sileo, Nicola Lovallo \u2013 \u00a0che ancora non \u00e8 stata convocata la Consulta cittadina, cos\u00ec come \u00e8 stato richiesto da tutti e, da ultimo, dal coordinamento dei dirigenti scolastici degli Istituti comprensivi della citt\u00e0, dal coordinamento dei presidenti dei consigli d\u2019istituto, dalle associazioni di categoria e dal Consiglio comunale. Quello della Consulta cittadina \u00e8 il luogo naturale, interistituzionale, ove ci si confronta sulle politiche di orientamento, sui servizi scolastici e sui temi dell\u2019edilizia per sistemizzare il protagonismo della comunit\u00e0 scolastica. Non si \u00e8 avuta la sensibilit\u00e0 di comprendere l\u2019importanza di tale organismo, neppure dopo che il mondo della scuola ha dovuto autoconvocarsi per sollecitarne e richiederne con forza l\u2019istituzione. Nel merito della gestione attuale occorre osservare che mentre negli anni scorsi vi era un ricorso chiaro e strutturale alla procedure a evidenza pubblica, basti pensare all\u2019appalto per la gestione del servizio mensa e di assistenza integrata nell\u2019anno 2009, con un durata di cinque anni e con un costo a pasto di euro 5,38, con l\u2019attuale gestione assessorile si \u00e8 schizzati, tramite una proroga, al costo di 7 euro. Inoltre anche a fronte del contributo regionale di circa 750.000 per l\u2019assistenza integrata ai soggetti svantaggiati, al contrario degli anni passati, quando si era raggiunto l\u2019obiettivo dell\u2019Accordo di programma sull\u2019inclusione scolastica, anche per la formazione del personale e con la partecipazione della Regione, del Comune, del Miur, dell\u2019Universit\u00e0, del Tribunale per i Minorenni, dell\u2019Asp e delle associazioni di categoria, oggi registriamo uno stallo intollerabile, in relazione alla gestione di un servizio normato dalle leggi 104\/92 e 106\/98. La mancata presentazione del Piano sul dimensionamento scolastico in uno al preoccupante dato che a seguito del bando per l\u2019anno 2015\/2016 inerente alla Scuola dell\u2019infanzia, non si prevede alcuna nuova iscrizione, tali elementi attestano oggettivamente il fallimento gestionale dell\u2019assessorato alla Pubblica istruzione. Un importante presidio culturale e strategico condotto senza mettere in campo idee innovatrici e riformatrici, senza un vero approfondimento delle problematiche e disattendendo le logiche di partecipazione, confronto e condivisione con tutta la comunit\u00e0 scolastica cittadina. Un approccio culturale, quello dell\u2019assessorato integralista e autoreferenziale, che si attarda in una comunicazione propagandistica senza di fatti aver raggiunto un risultato, che la citt\u00e0 non tollera pi\u00f9. Aspettiamo con preoccupazione di sapere cosa si \u00e8 progettato e messo in campo in relazione al pi\u00f9 importante evento culturale che coincide con il \u2018Maggio potentino\u2019 e con la festa patronale della citt\u00e0. E\u2019 arrivato il momento di assumersi le responsabilit\u00e0 del proprio fallimento traendone le conseguenze come da pi\u00f9 parti richiesto\u201d concludono i quattro consiglieri comunali del Pd.<\/p>\n<p>\u00a0<\/p>\n","protected":false},"excerpt":{"rendered":"<p>\u201cE\u2019 ormai evidente al Consiglio comunale e alla citt\u00e0 l\u2019approssimazione e l\u2019estemporaneit\u00e0 amministrativa con le\u00a0 quali viene gestito l\u2019assessorato alla Cultura e all\u2019Istruzione del Comune &#8230; <\/p>\n","protected":false},"author":1,"featured_media":0,"comment_status":"closed","ping_status":"closed","sticky":false,"template":"single-sidebar.php","format":"standard","meta":{"footnotes":""},"categories":[384],"tags":[],"class_list":["post-12933","post","type-post","status-publish","format-standard","hentry","category-c243-comunicati-stampa-dei-consiglieri-243"],"_links":{"self":[{"href":"https:\/\/archivio.comune.potenza.it\/index.php?rest_route=\/wp\/v2\/posts\/12933"}],"collection":[{"href":"https:\/\/archivio.comune.potenza.it\/index.php?rest_route=\/wp\/v2\/posts"}],"about":[{"href":"https:\/\/archivio.comune.potenza.it\/index.php?rest_route=\/wp\/v2\/types\/post"}],"author":[{"embeddable":true,"href":"https:\/\/archivio.comune.potenza.it\/index.php?rest_route=\/wp\/v2\/users\/1"}],"replies":[{"embeddable":true,"href":"https:\/\/archivio.comune.potenza.it\/index.php?rest_route=%2Fwp%2Fv2%2Fcomments&post=12933"}],"version-history":[{"count":0,"href":"https:\/\/archivio.comune.potenza.it\/index.php?rest_route=\/wp\/v2\/posts\/12933\/revisions"}],"wp:attachment":[{"href":"https:\/\/archivio.comune.potenza.it\/index.php?rest_route=%2Fwp%2Fv2%2Fmedia&parent=12933"}],"wp:term":[{"taxonomy":"category","embeddable":true,"href":"https:\/\/archivio.comune.potenza.it\/index.php?rest_route=%2Fwp%2Fv2%2Fcategories&post=12933"},{"taxonomy":"post_tag","embeddable":true,"href":"https:\/\/archivio.comune.potenza.it\/index.php?rest_route=%2Fwp%2Fv2%2Ftags&post=12933"}],"curies":[{"name":"wp","href":"https:\/\/api.w.org\/{rel}","templated":true}]}}