{"id":12934,"date":"2015-06-14T14:52:53","date_gmt":"2015-06-14T14:52:53","guid":{"rendered":"http:\/\/archivio.comune.potenza.it\/comune_wp\/?p=12934"},"modified":"-0001-11-30T00:00:00","modified_gmt":"-0001-11-29T22:00:00","slug":"roberto-falotico-potenza-condivisa-considerazioni-su-giunta-de-luca","status":"publish","type":"post","link":"https:\/\/archivio.comune.potenza.it\/?p=12934","title":{"rendered":"Roberto Falotico (Potenza Condivisa): Considerazioni su Giunta De Luca"},"content":{"rendered":"<p style=\"text-align: justify;\">\u201cNon sbaglia il Sindaco De Luca a interrompere, anche con gesti esemplari, questo continuo pianto greco di alcuni suoi assessori sulla mancanza di fondi e sugli sprechi del passato. Primo, perch\u00e9 il volto ufficiale di questa giunta \u00e8 di un esecutivo del Sindaco, nel quale gli assessori svolgono una esclusiva funzione tecnica di collaborazione e non di rappresentanza di area o di partito; secondo perch\u00e9, soprattutto in situazioni di emergenza si pu\u00f2 dimostrare il valore di una collaborazione, individuando soluzioni e progetti che tengano conto delle difficolt\u00e0 del momento . Basta dare un\u2019occhiata alle migliori pratiche di tanti comuni italiani \u2013 prosegue il consigliere comunale Roberto Falotico \u2013 per capire come l\u2019innesto di personalit\u00e0 e di figure veramente professionali abbiano prodotto in tanti settori soluzioni puntuali ed\u00a0 innovative che hanno prodotto risultati importanti nell\u2019efficienza dei servizi e nel contenimento della relativa spesa. Nel gesto del Sindaco desideriamo cogliere non solo il rifiuto a interrompere la strada della lamentazione, ma anche a offrire all\u2019intera platea consiliare il terreno ideale per una nuova partecipazione corale alla ripresa della citt\u00e0,\u00a0 dove la collaborazione su programmi e cose da fare abbia totale ed assoluta supremazia sulle convenienze di partiti e di gruppi. Se ci salviamo dal dissesto, sulla base degli ultimi tentativi che a Roma si stanno compiendo, non possiamo vanificare il risultato attraverso metodi e comportamenti che richiamano la peggiore partitocrazia , con il corollario di lentezze e di tatticismi che mortificano anche le migliori proposte, collocandole nel pantano delle cose che non passano mai dalle parole ai fatti.\u00a0 Noi riteniamo che la ripartenza di questo governo cittadino debba ancorarsi alla redazione di un programma comune che abbia il coraggio sufficiente di oltrepassare il muro della sopravvivenza per organizzare il rilancio definitivo del capoluogo, con la ridefinizione del suo ruolo all\u2019interno del territorio regionale, con la rivisitazione delle sue funzioni extracittadine, con la ideazione di un protagonismo economico che dia occasioni di occupazione e possibilit\u00e0 di successo ai giovani pi\u00f9 talentuosi di questa terra. Su questo confronto programmatico preliminare si gioca la possibilit\u00e0 di una soluzione di governo comunale anche inedita e capace di raccogliere le energie migliori che i cittadini, con il loro voto, hanno posto al servizio del capoluogo\u201d conclude Falotico.<\/p>\n","protected":false},"excerpt":{"rendered":"<p>\u201cNon sbaglia il Sindaco De Luca a interrompere, anche con gesti esemplari, questo continuo pianto greco di alcuni suoi assessori sulla mancanza di fondi e &#8230; <\/p>\n","protected":false},"author":1,"featured_media":0,"comment_status":"closed","ping_status":"closed","sticky":false,"template":"single-sidebar.php","format":"standard","meta":{"footnotes":""},"categories":[384],"tags":[],"class_list":["post-12934","post","type-post","status-publish","format-standard","hentry","category-c243-comunicati-stampa-dei-consiglieri-243"],"_links":{"self":[{"href":"https:\/\/archivio.comune.potenza.it\/index.php?rest_route=\/wp\/v2\/posts\/12934"}],"collection":[{"href":"https:\/\/archivio.comune.potenza.it\/index.php?rest_route=\/wp\/v2\/posts"}],"about":[{"href":"https:\/\/archivio.comune.potenza.it\/index.php?rest_route=\/wp\/v2\/types\/post"}],"author":[{"embeddable":true,"href":"https:\/\/archivio.comune.potenza.it\/index.php?rest_route=\/wp\/v2\/users\/1"}],"replies":[{"embeddable":true,"href":"https:\/\/archivio.comune.potenza.it\/index.php?rest_route=%2Fwp%2Fv2%2Fcomments&post=12934"}],"version-history":[{"count":0,"href":"https:\/\/archivio.comune.potenza.it\/index.php?rest_route=\/wp\/v2\/posts\/12934\/revisions"}],"wp:attachment":[{"href":"https:\/\/archivio.comune.potenza.it\/index.php?rest_route=%2Fwp%2Fv2%2Fmedia&parent=12934"}],"wp:term":[{"taxonomy":"category","embeddable":true,"href":"https:\/\/archivio.comune.potenza.it\/index.php?rest_route=%2Fwp%2Fv2%2Fcategories&post=12934"},{"taxonomy":"post_tag","embeddable":true,"href":"https:\/\/archivio.comune.potenza.it\/index.php?rest_route=%2Fwp%2Fv2%2Ftags&post=12934"}],"curies":[{"name":"wp","href":"https:\/\/api.w.org\/{rel}","templated":true}]}}