{"id":12935,"date":"2015-06-14T14:53:57","date_gmt":"2015-06-14T14:53:57","guid":{"rendered":"http:\/\/archivio.comune.potenza.it\/comune_wp\/?p=12935"},"modified":"2015-06-14T14:56:32","modified_gmt":"2015-06-14T14:56:32","slug":"gianpaolo-carretta-partito-democratico-cambio-assessore-a-cultura-e-istruzione","status":"publish","type":"post","link":"https:\/\/archivio.comune.potenza.it\/?p=12935","title":{"rendered":"Gianpaolo Carretta (Partito Democratico): Cambio assessore alla Cultura e Istruzione"},"content":{"rendered":"<p style=\"text-align: justify;\"><span style=\"font-size: 12.1599998474121px; line-height: 1.3em;\">\u201cPrendiamo atto che finalmente dopo circa 10 mesi \u2013 esordisce in una sua nota il consigliere comunale del Pd Gianpaolo Carretta \u2013 nei quali abbiamo denunciato in Consiglio comunale e nella citt\u00e0 l\u2019assenza di politiche per la scuola, nonch\u00e9 l\u2019assenza di un progetto e di un\u2019idea che governasse politicamente e amministrativamente l\u2019istruzione cittadina nel nuovo millennio, il Sindaco abbia preso atto di tali gravissime carenze, procedendo alla revoca dell\u2019assessore De Francesco. Lunghi mesi nei quali si \u00e8 dovuto registrare, con grave danno per la comunit\u00e0 scolastica potentina, la mancata presentazione del Piano di Dimensionamento scolastico, l\u2019assenza di un confronto vero sull\u2019offerta formativa, sulle problematiche dell\u2019edilizia scolastica, sui temi dell\u2019assistenza alla disabilit\u00e0 e della gestione delle mense. Argomenti che meritavano un confronto e una partecipazione vera nella citt\u00e0, attraverso la convocazione della Consulta cittadina, come pi\u00f9 volte chiesto da tutti gli operatori di settore, che era l\u2019organo interistituzionale competente a mettere in rete le famiglie, i dirigenti, le istituzioni, per dare le risposte tanto attese dalla comunit\u00e0 cittadina. Ci dividono dal Sindaco idee politiche e modo di gestione della Pubblica amministrazione, come abbiamo pi\u00f9 volte sottolineato a partire dalla inopportuna dichiarazione di dissesto che andava evitata, senza mettere in campo un approccio ideologico alla problematica, ma adottando un piano di riequilibrio, per gestire il solo disavanzo di amministrazione, come si sta facendo in queste ore, ma riconosciamo al Primo cittadino l\u2019onest\u00e0 intellettuale di saper fare autocritica sulle tante scelte organigrammatiche e amministrative sbagliate.\u201d Conclude il consigliere del Pd. \u00a0<\/span><\/p>\n","protected":false},"excerpt":{"rendered":"<p>\u201cPrendiamo atto che finalmente dopo circa 10 mesi \u2013 esordisce in una sua nota il consigliere comunale del Pd Gianpaolo Carretta \u2013 nei quali abbiamo &#8230; <\/p>\n","protected":false},"author":1,"featured_media":0,"comment_status":"closed","ping_status":"closed","sticky":false,"template":"single-sidebar.php","format":"standard","meta":{"footnotes":""},"categories":[384],"tags":[],"class_list":["post-12935","post","type-post","status-publish","format-standard","hentry","category-c243-comunicati-stampa-dei-consiglieri-243"],"_links":{"self":[{"href":"https:\/\/archivio.comune.potenza.it\/index.php?rest_route=\/wp\/v2\/posts\/12935"}],"collection":[{"href":"https:\/\/archivio.comune.potenza.it\/index.php?rest_route=\/wp\/v2\/posts"}],"about":[{"href":"https:\/\/archivio.comune.potenza.it\/index.php?rest_route=\/wp\/v2\/types\/post"}],"author":[{"embeddable":true,"href":"https:\/\/archivio.comune.potenza.it\/index.php?rest_route=\/wp\/v2\/users\/1"}],"replies":[{"embeddable":true,"href":"https:\/\/archivio.comune.potenza.it\/index.php?rest_route=%2Fwp%2Fv2%2Fcomments&post=12935"}],"version-history":[{"count":0,"href":"https:\/\/archivio.comune.potenza.it\/index.php?rest_route=\/wp\/v2\/posts\/12935\/revisions"}],"wp:attachment":[{"href":"https:\/\/archivio.comune.potenza.it\/index.php?rest_route=%2Fwp%2Fv2%2Fmedia&parent=12935"}],"wp:term":[{"taxonomy":"category","embeddable":true,"href":"https:\/\/archivio.comune.potenza.it\/index.php?rest_route=%2Fwp%2Fv2%2Fcategories&post=12935"},{"taxonomy":"post_tag","embeddable":true,"href":"https:\/\/archivio.comune.potenza.it\/index.php?rest_route=%2Fwp%2Fv2%2Ftags&post=12935"}],"curies":[{"name":"wp","href":"https:\/\/api.w.org\/{rel}","templated":true}]}}