{"id":12937,"date":"2015-06-14T14:57:31","date_gmt":"2015-06-14T14:57:31","guid":{"rendered":"http:\/\/archivio.comune.potenza.it\/comune_wp\/?p=12937"},"modified":"-0001-11-30T00:00:00","modified_gmt":"-0001-11-29T22:00:00","slug":"savino-giannizzari-movimento-5-stelle-sostituzione-assessore-istruzione-e-cultura","status":"publish","type":"post","link":"https:\/\/archivio.comune.potenza.it\/?p=12937","title":{"rendered":"Savino Giannizzari (Movimento 5 Stelle): Sostituzione assessore Istruzione e Cultura"},"content":{"rendered":"<p style=\"text-align: justify;\"><span style=\"font-size: 12.1599998474121px; line-height: 1.3em;\">\u201cIn questa fase profondamente critica della vita amministrativo-economica di Potenza le spiegazioni trasparenti e minuziose sono, oltre che auspicabili, doverose. Il sindaco De Luca deve far sapere ai cittadini tutti i motivi della sua drastica decisione di ritirare l&#8217;incarico di assessore alla signora De Francesco. Anche alla luce delle dichiarazioni dell&#8217;ormai ex assessore, \u2013 prosegue in una sua nota il capogruppo M5S in Consiglio comunale Savino Giannizzari \u2013 che sono la base, qualcuno mormora la scusante, della scelta. La ex assessore ha fatto le sue esternazioni che meritano risposte serie e concrete soprattutto ai cittadini. Le sue accuse richiedono una discussione approfondita. Il solo allontanamento di chi fa critiche, senza dare le giuste risposte, lascia dubbi e sospetti. Allora De Luca chiarisca se le dichiarazioni dell&#8217;ex assessore sono fondate o semplici supposizioni sull&#8217;operato della macchina amministrativa del Comune, macchina che non pu\u00f2 essere considerata scevra da responsabilit\u00e0 per l&#8217;attuale situazione nella quale ci troviamo costretti. Come il M5S di Potenza ha gi\u00e0 dichiarato, anche i dirigenti e gli uffici comunali sono da considerare in qualche caso e in qualche modo responsabili di errori non sempre commessi in buona fede, ai quali abbiamo dovuto prima assistere e oggi tentare di porre rimedio. Pertanto il Sindaco venga in Consiglio comunale e pubblicamente motivi tutti gli aspetti che hanno determinato l&#8217;allontanamento\u201d conclude Giannizzari.<\/span><\/p>\n<p>\u00a0<\/p>\n","protected":false},"excerpt":{"rendered":"<p>\u201cIn questa fase profondamente critica della vita amministrativo-economica di Potenza le spiegazioni trasparenti e minuziose sono, oltre che auspicabili, doverose. Il sindaco De Luca deve &#8230; <\/p>\n","protected":false},"author":1,"featured_media":0,"comment_status":"closed","ping_status":"closed","sticky":false,"template":"single-sidebar.php","format":"standard","meta":{"footnotes":""},"categories":[384],"tags":[],"class_list":["post-12937","post","type-post","status-publish","format-standard","hentry","category-c243-comunicati-stampa-dei-consiglieri-243"],"_links":{"self":[{"href":"https:\/\/archivio.comune.potenza.it\/index.php?rest_route=\/wp\/v2\/posts\/12937"}],"collection":[{"href":"https:\/\/archivio.comune.potenza.it\/index.php?rest_route=\/wp\/v2\/posts"}],"about":[{"href":"https:\/\/archivio.comune.potenza.it\/index.php?rest_route=\/wp\/v2\/types\/post"}],"author":[{"embeddable":true,"href":"https:\/\/archivio.comune.potenza.it\/index.php?rest_route=\/wp\/v2\/users\/1"}],"replies":[{"embeddable":true,"href":"https:\/\/archivio.comune.potenza.it\/index.php?rest_route=%2Fwp%2Fv2%2Fcomments&post=12937"}],"version-history":[{"count":0,"href":"https:\/\/archivio.comune.potenza.it\/index.php?rest_route=\/wp\/v2\/posts\/12937\/revisions"}],"wp:attachment":[{"href":"https:\/\/archivio.comune.potenza.it\/index.php?rest_route=%2Fwp%2Fv2%2Fmedia&parent=12937"}],"wp:term":[{"taxonomy":"category","embeddable":true,"href":"https:\/\/archivio.comune.potenza.it\/index.php?rest_route=%2Fwp%2Fv2%2Fcategories&post=12937"},{"taxonomy":"post_tag","embeddable":true,"href":"https:\/\/archivio.comune.potenza.it\/index.php?rest_route=%2Fwp%2Fv2%2Ftags&post=12937"}],"curies":[{"name":"wp","href":"https:\/\/api.w.org\/{rel}","templated":true}]}}