{"id":12938,"date":"2015-06-14T14:58:46","date_gmt":"2015-06-14T14:58:46","guid":{"rendered":"http:\/\/archivio.comune.potenza.it\/comune_wp\/?p=12938"},"modified":"-0001-11-30T00:00:00","modified_gmt":"-0001-11-29T22:00:00","slug":"savino-giannizzari-movimento-5-stelle-antenne-in-contrada-botte","status":"publish","type":"post","link":"https:\/\/archivio.comune.potenza.it\/?p=12938","title":{"rendered":"Savino Giannizzari (Movimento 5 Stelle): Antenne in contrada Botte"},"content":{"rendered":"<p style=\"text-align: justify;\"><span style=\"font-size: 12.1599998474121px; line-height: 1.3em;\">\u201cIl Comune di Potenza, il Sindaco e gli Assessori sono a conoscenza di questa pericolosa situazione e come intendono porvi rimedio andando incontro alle richieste dei cittadini? L\u2019Arpab e il Comune devono predisporre i dovuti controlli informando tempestivamente sui dati, in base alle leggi vigenti sulla trasparenza, i cittadini. I controlli periodici devono avvenire con frequenza mensile e a \u2018sorpresa\u2019, in quanto le emissioni delle antenne possono essere tarate con un semplice click e in occasione dei controlli comunicati vengono sempre abbassate\u201d. Questo il testo dell\u2019interrogazione urgente presentata dal capogruppo del M5S in Consiglio comunale, Savino Giannizzari. \u201cI cittadini potentini, e in particolar modo quelli di contrada Botte, \u2013 precisa il consigliere \u2013 sono potenzialmente esposti a fonti di inquinamento elettromagnetico. Soprattutto in contrada Botte la famosa \u2018Foresta di Antennoni\u2019 continua a crescere e ultimamente si \u00e8 accresciuta di un ulteriore mostro alto pi\u00f9 di 10 metri e altre se ne vorrebbero installare, soprattutto da parte delle solite imprese telefoniche. I residenti sono seriamente preoccupati. A conferma di ci\u00f2 lo scorso anno sono state raccolte oltre 300 firme per fermare questa velocissima costruzione di impianti dedicati alle pi\u00f9 svariate attivit\u00e0 telefoniche ed elettromagnetiche. Ricordiamo che la zona, alle immediate porte del capoluogo lucano, gi\u00e0 vessata dalla presenza di numerose antenne, \u00e8 la contrada potentina con il maggior numero di residenti, tutti preoccupati per la velocit\u00e0 e la mancanza di avvertenze, con le quali gli impianti in maniera incontrollata sono sorti anche a pochi metri dalle abitazioni. Cos\u00ec come gi\u00e0 avvenuto in Svezia e Danimarca, le firme raccolte sono state inviate alle istituzioni e in primis al Comune di Potenza, invitato a non rilasciare pi\u00f9 alcun provvedimento amministrativo autorizzatorio, (al quale la realizzazione delle strutture di antenne per la telefonia cellulare \u00e8 comunque assoggettata) e alla discussa Arpab regionale (della quale gli abitanti della contrada non hanno attualmente alcuna fiducia), che avrebbero dovuto intervenire a tutela degli abitanti. Ovviamente nulla \u00e8 stato fatto. Intanto in maniera sfacciata lo scorso anno la Telecom ha offerto agli abbonati della zona un mese di prova gratis a velocit\u00e0 internet superiori che diceva essere \u201cadesso disponibili\u201d. I residenti hanno espresso chiaramente di non volere l\u2019incremento della velocit\u00e0, gi\u00e0 per altro sufficiente, se questo comportava l\u2019installazione di nuove antenne nei pressi delle proprie abitazioni. Ma l\u2019installazione \u00e8 avvenuta comunque. La preoccupazione dei cittadini e del M5S nasce da dati specifici: per fare solo un esempio, una ricerca olandese sugli effetti dei campi elettromagnetici condotta gi\u00e0 alcuni anni fa dal Tno (Netherlands Organization for Applied Scientific Research), ha confermato i rischi sanitari: ha esposto 72 persone a un campo di 1 Volt\/metro, alle frequenze degli Umts. Si \u00e8 riscontrata una relazione statisticamente significativa tra le alterazioni allo stato di benessere dei soggetti con mal di testa, nausea, vertigini, e l&#8217;esposizione a un campo elettromagnetico simile a quello dell&#8217;Umts, anche in assenza di fenomeni di riscaldamento del corpo umano. Inoltre riflettiamo su un altro dato importante questa volta economico: come riportato da articoli de \u201cLa Gazzetta del Mezzogiorno\u201d, del \u201cQuotidiano della Basilicata\u201d e de \u201cLa Nuova Basilicata\u201d, nessuna societ\u00e0 d&#8217;assicurazione \u00e8 disposta ad assicurare le imprese che producono cellulari perch\u00e9 il rischio che un domani un utente, o i suoi eredi, possano fare causa per danni \u00e8 giudicato incalcolabile. Gli assicuratori preferiscono andare sul sicuro. Le compagnie assicurative sono gi\u00e0 rimaste scottate dall&#8217;amianto che, negli anni Settanta, veniva usato a tonnellate per rendere sicuri i palazzi contro gli incendi, perch\u00e9 tutti sostenevano che fosse assolutamente innocuo\u201d conclude Giannizzari.<\/span><\/p>\n","protected":false},"excerpt":{"rendered":"<p>\u201cIl Comune di Potenza, il Sindaco e gli Assessori sono a conoscenza di questa pericolosa situazione e come intendono porvi rimedio andando incontro alle richieste &#8230; <\/p>\n","protected":false},"author":1,"featured_media":0,"comment_status":"closed","ping_status":"closed","sticky":false,"template":"single-sidebar.php","format":"standard","meta":{"footnotes":""},"categories":[384],"tags":[],"class_list":["post-12938","post","type-post","status-publish","format-standard","hentry","category-c243-comunicati-stampa-dei-consiglieri-243"],"_links":{"self":[{"href":"https:\/\/archivio.comune.potenza.it\/index.php?rest_route=\/wp\/v2\/posts\/12938"}],"collection":[{"href":"https:\/\/archivio.comune.potenza.it\/index.php?rest_route=\/wp\/v2\/posts"}],"about":[{"href":"https:\/\/archivio.comune.potenza.it\/index.php?rest_route=\/wp\/v2\/types\/post"}],"author":[{"embeddable":true,"href":"https:\/\/archivio.comune.potenza.it\/index.php?rest_route=\/wp\/v2\/users\/1"}],"replies":[{"embeddable":true,"href":"https:\/\/archivio.comune.potenza.it\/index.php?rest_route=%2Fwp%2Fv2%2Fcomments&post=12938"}],"version-history":[{"count":0,"href":"https:\/\/archivio.comune.potenza.it\/index.php?rest_route=\/wp\/v2\/posts\/12938\/revisions"}],"wp:attachment":[{"href":"https:\/\/archivio.comune.potenza.it\/index.php?rest_route=%2Fwp%2Fv2%2Fmedia&parent=12938"}],"wp:term":[{"taxonomy":"category","embeddable":true,"href":"https:\/\/archivio.comune.potenza.it\/index.php?rest_route=%2Fwp%2Fv2%2Fcategories&post=12938"},{"taxonomy":"post_tag","embeddable":true,"href":"https:\/\/archivio.comune.potenza.it\/index.php?rest_route=%2Fwp%2Fv2%2Ftags&post=12938"}],"curies":[{"name":"wp","href":"https:\/\/api.w.org\/{rel}","templated":true}]}}