{"id":12939,"date":"2015-06-14T15:00:02","date_gmt":"2015-06-14T15:00:02","guid":{"rendered":"http:\/\/archivio.comune.potenza.it\/comune_wp\/?p=12939"},"modified":"-0001-11-30T00:00:00","modified_gmt":"-0001-11-29T22:00:00","slug":"gianpaolo-carretta-partito-democratico-fondi-di-sviluppo-e-coesione-350-000-euro-per-lavangone","status":"publish","type":"post","link":"https:\/\/archivio.comune.potenza.it\/?p=12939","title":{"rendered":"Gianpaolo Carretta (Partito Democratico): Fondi di sviluppo e coesione, 350.000 euro per Lavangone"},"content":{"rendered":"<p style=\"text-align: justify;\"><span style=\"font-size: 12.1599998474121px; line-height: 1.3em;\">\u201cIn relazione alla decisione del Consiglio comunale di attribuire, anche a mezzo della Giunta comunale, un finanziamento di 350.000 euro per il \u2018polo di Lavangone\u2019 \u00e8 chiaro ed evidente che al fine di migliorare l\u2019accesso al Palabasento non si pu\u00f2 trascurare il ripristino del manto stradale, la regimentazione e la canalizzazione delle acque piovane, con il relativo scolo per evitare possibili dissesti idrogeologici ed eventi franosi. Va messa \u2013 prosegue in una sua nota il consigliere del Pd, Gianpaolo Carretta \u2013 in campo una strategia complessiva di miglioramento della viabilit\u00e0 e della mobilit\u00e0, anche con lo stanziamento di risorse suppletive rivenienti dalla nuova rimodulazione di fondi, che si dovr\u00e0 fare nei prossimi mesi. E\u2019 in tal senso che si impegna l\u2019Amministrazione comunale a valutare con scrupolo e diligenza l\u2019intervento da porre in essere, guardando all\u2019interesse e al bene comune di quella parte del territorio rurale ancora molto penalizzata\u201d conclude Carretta.\u00a0<\/span><\/p>\n","protected":false},"excerpt":{"rendered":"<p>\u201cIn relazione alla decisione del Consiglio comunale di attribuire, anche a mezzo della Giunta comunale, un finanziamento di 350.000 euro per il \u2018polo di Lavangone\u2019 &#8230; <\/p>\n","protected":false},"author":1,"featured_media":0,"comment_status":"closed","ping_status":"closed","sticky":false,"template":"single-sidebar.php","format":"standard","meta":{"footnotes":""},"categories":[384],"tags":[],"class_list":["post-12939","post","type-post","status-publish","format-standard","hentry","category-c243-comunicati-stampa-dei-consiglieri-243"],"_links":{"self":[{"href":"https:\/\/archivio.comune.potenza.it\/index.php?rest_route=\/wp\/v2\/posts\/12939"}],"collection":[{"href":"https:\/\/archivio.comune.potenza.it\/index.php?rest_route=\/wp\/v2\/posts"}],"about":[{"href":"https:\/\/archivio.comune.potenza.it\/index.php?rest_route=\/wp\/v2\/types\/post"}],"author":[{"embeddable":true,"href":"https:\/\/archivio.comune.potenza.it\/index.php?rest_route=\/wp\/v2\/users\/1"}],"replies":[{"embeddable":true,"href":"https:\/\/archivio.comune.potenza.it\/index.php?rest_route=%2Fwp%2Fv2%2Fcomments&post=12939"}],"version-history":[{"count":0,"href":"https:\/\/archivio.comune.potenza.it\/index.php?rest_route=\/wp\/v2\/posts\/12939\/revisions"}],"wp:attachment":[{"href":"https:\/\/archivio.comune.potenza.it\/index.php?rest_route=%2Fwp%2Fv2%2Fmedia&parent=12939"}],"wp:term":[{"taxonomy":"category","embeddable":true,"href":"https:\/\/archivio.comune.potenza.it\/index.php?rest_route=%2Fwp%2Fv2%2Fcategories&post=12939"},{"taxonomy":"post_tag","embeddable":true,"href":"https:\/\/archivio.comune.potenza.it\/index.php?rest_route=%2Fwp%2Fv2%2Ftags&post=12939"}],"curies":[{"name":"wp","href":"https:\/\/api.w.org\/{rel}","templated":true}]}}