{"id":12940,"date":"2015-06-14T15:01:05","date_gmt":"2015-06-14T15:01:05","guid":{"rendered":"http:\/\/archivio.comune.potenza.it\/comune_wp\/?p=12940"},"modified":"-0001-11-30T00:00:00","modified_gmt":"-0001-11-29T22:00:00","slug":"donatella-cutro-e-donato-pace-socialist-democrats-delibera-regionale","status":"publish","type":"post","link":"https:\/\/archivio.comune.potenza.it\/?p=12940","title":{"rendered":"Donatella Cutro e Donato Pace (Socialist &#038; Democrats): Delibera regionale"},"content":{"rendered":"<p style=\"text-align: justify;\"><span style=\"font-size: 12.1599998474121px; line-height: 1.3em;\">\u201cGrande \u00e8 l&#8217;esempio d&#8217;impegno e di responsabilit\u00e0 mostrato dal nostro Presidente della Giunta, Marcello Pittella, nel prendersi cura della questione \u2018dissesto Potenza\u2019 fino ad assicurare, come promesso, il sostegno al Comune di Potenza con la delibera firmata ieri pomeriggio\u201d cos\u00ec i componenti del gruppo consiliare Socialist&amp;democrats al Comune di Potenza Donatella Cutro e Donato Pace. \u201cLa delibera di Giunta regionale 634 prevede l&#8217;adozione dell&#8217;ipotesi di bilancio stabilmente riequilibrato 2014\/2016, con la previsione di un contributo straordinario su base pluriennale 2015\/2018 per lo squilibrio, oltre all&#8217;importo della sanzione per il mancato rispetto del patto di stabilit\u00e0 dell&#8217;annualit\u00e0 2014. In questa annualit\u00e0 di consiliatura abbiamo pi\u00f9 volte vissuto molti momenti concitati e di forte discussione cercando, per\u00f2, di assolvere sempre ai doveri e responsabilit\u00e0 che tale carica ci impone di rispettare. Oggi sembra che si stia realmente compiendo il cambio di marcia. Questo gesto sia da stimolo per tutti i consiglieri che non hanno mai perso la speranza e l&#8217;ottimismo che qualcosa potesse cambiare per il bene della nostra citt\u00e0\u201d concludono Cutro e Pace.<\/span><\/p>\n<p>\u00a0<\/p>\n","protected":false},"excerpt":{"rendered":"<p>\u201cGrande \u00e8 l&#8217;esempio d&#8217;impegno e di responsabilit\u00e0 mostrato dal nostro Presidente della Giunta, Marcello Pittella, nel prendersi cura della questione \u2018dissesto Potenza\u2019 fino ad assicurare, &#8230; <\/p>\n","protected":false},"author":1,"featured_media":0,"comment_status":"closed","ping_status":"closed","sticky":false,"template":"single-sidebar.php","format":"standard","meta":{"footnotes":""},"categories":[384],"tags":[],"class_list":["post-12940","post","type-post","status-publish","format-standard","hentry","category-c243-comunicati-stampa-dei-consiglieri-243"],"_links":{"self":[{"href":"https:\/\/archivio.comune.potenza.it\/index.php?rest_route=\/wp\/v2\/posts\/12940"}],"collection":[{"href":"https:\/\/archivio.comune.potenza.it\/index.php?rest_route=\/wp\/v2\/posts"}],"about":[{"href":"https:\/\/archivio.comune.potenza.it\/index.php?rest_route=\/wp\/v2\/types\/post"}],"author":[{"embeddable":true,"href":"https:\/\/archivio.comune.potenza.it\/index.php?rest_route=\/wp\/v2\/users\/1"}],"replies":[{"embeddable":true,"href":"https:\/\/archivio.comune.potenza.it\/index.php?rest_route=%2Fwp%2Fv2%2Fcomments&post=12940"}],"version-history":[{"count":0,"href":"https:\/\/archivio.comune.potenza.it\/index.php?rest_route=\/wp\/v2\/posts\/12940\/revisions"}],"wp:attachment":[{"href":"https:\/\/archivio.comune.potenza.it\/index.php?rest_route=%2Fwp%2Fv2%2Fmedia&parent=12940"}],"wp:term":[{"taxonomy":"category","embeddable":true,"href":"https:\/\/archivio.comune.potenza.it\/index.php?rest_route=%2Fwp%2Fv2%2Fcategories&post=12940"},{"taxonomy":"post_tag","embeddable":true,"href":"https:\/\/archivio.comune.potenza.it\/index.php?rest_route=%2Fwp%2Fv2%2Ftags&post=12940"}],"curies":[{"name":"wp","href":"https:\/\/api.w.org\/{rel}","templated":true}]}}