{"id":12941,"date":"2015-06-14T15:02:32","date_gmt":"2015-06-14T15:02:32","guid":{"rendered":"http:\/\/archivio.comune.potenza.it\/comune_wp\/?p=12941"},"modified":"-0001-11-30T00:00:00","modified_gmt":"-0001-11-29T22:00:00","slug":"antonio-pesarini-gruppo-misto-delibera-regionale-su-bilancio-riequilibrato","status":"publish","type":"post","link":"https:\/\/archivio.comune.potenza.it\/?p=12941","title":{"rendered":"Antonio Pesarini (Gruppo Misto): Delibera regionale su bilancio riequilibrato"},"content":{"rendered":"<p style=\"text-align: justify;\"><span style=\"font-size: 12.1599998474121px; line-height: 1.3em;\">\u201cUn grande apprezzamento alla recente approvazione della delibera di Giunta Regionale relativa alla situazione finanziaria della Citt\u00e0 di Potenza. Facendo seguire i fatti alle parole dette nel recente Consiglio comunale sul tema, \u2013 evidenzia in una sua nota il consigliere comunale del gruppo misto Antonio Pesarini \u2013 il presidente Pittella e la sua giunta hanno deliberato, comprendendone le giuste ragioni, la messa a disposizione del Capoluogo di Regione delle cifre necessarie per un risanamento dei conti spalmate nei quattro anni dal 2015 al 2018. Un atto di coerente e sensibile disponibilit\u00e0 istituzionale , da consolidare in Consiglio regionale nell\u2019approvazione della prossima legge finanziaria, a dimostrazione che la Politica, quando si spoglia di esasperazioni ideologiche o sterili e dannose contrapposizioni di schieramento, pu\u00f2 e sa trovare le soluzioni che vanno in direzione degli interessi dei cittadini. La forte volont\u00e0, trasversale e praticamente quasi unanime del Sindaco e del Consiglio comunale, di volersi dedicare a risolvere le problematiche della citt\u00e0 invece di abbandonarsi a inutile guerriglia di posizione, \u00e8 stata colta appieno e fatta propria, con grande sensibilit\u00e0, dalla Regione e dal suo presidente Pittella. Siamo in attesa di un ultimo tassello, di competenza nazionale, a cui stanno senz\u2019altro alacremente lavorando i nostri rappresentanti in Parlamento e nel Governo, per chiudere la vicenda economico-finanziaria di Potenza con un incontestabile grande risultato, merito di tutti coloro che ai vari livelli, \u00a0comunale, regionale e nazionale hanno voluto tenere a cuore le difficolt\u00e0 e le sorti della Citta di Potenza\u201d conclude il consigliere.<\/span><\/p>\n<p>\u00a0<\/p>\n","protected":false},"excerpt":{"rendered":"<p>\u201cUn grande apprezzamento alla recente approvazione della delibera di Giunta Regionale relativa alla situazione finanziaria della Citt\u00e0 di Potenza. Facendo seguire i fatti alle parole &#8230; <\/p>\n","protected":false},"author":1,"featured_media":0,"comment_status":"closed","ping_status":"closed","sticky":false,"template":"single-sidebar.php","format":"standard","meta":{"footnotes":""},"categories":[384],"tags":[],"class_list":["post-12941","post","type-post","status-publish","format-standard","hentry","category-c243-comunicati-stampa-dei-consiglieri-243"],"_links":{"self":[{"href":"https:\/\/archivio.comune.potenza.it\/index.php?rest_route=\/wp\/v2\/posts\/12941"}],"collection":[{"href":"https:\/\/archivio.comune.potenza.it\/index.php?rest_route=\/wp\/v2\/posts"}],"about":[{"href":"https:\/\/archivio.comune.potenza.it\/index.php?rest_route=\/wp\/v2\/types\/post"}],"author":[{"embeddable":true,"href":"https:\/\/archivio.comune.potenza.it\/index.php?rest_route=\/wp\/v2\/users\/1"}],"replies":[{"embeddable":true,"href":"https:\/\/archivio.comune.potenza.it\/index.php?rest_route=%2Fwp%2Fv2%2Fcomments&post=12941"}],"version-history":[{"count":0,"href":"https:\/\/archivio.comune.potenza.it\/index.php?rest_route=\/wp\/v2\/posts\/12941\/revisions"}],"wp:attachment":[{"href":"https:\/\/archivio.comune.potenza.it\/index.php?rest_route=%2Fwp%2Fv2%2Fmedia&parent=12941"}],"wp:term":[{"taxonomy":"category","embeddable":true,"href":"https:\/\/archivio.comune.potenza.it\/index.php?rest_route=%2Fwp%2Fv2%2Fcategories&post=12941"},{"taxonomy":"post_tag","embeddable":true,"href":"https:\/\/archivio.comune.potenza.it\/index.php?rest_route=%2Fwp%2Fv2%2Ftags&post=12941"}],"curies":[{"name":"wp","href":"https:\/\/api.w.org\/{rel}","templated":true}]}}