{"id":12942,"date":"2015-06-14T15:03:33","date_gmt":"2015-06-14T15:03:33","guid":{"rendered":"http:\/\/archivio.comune.potenza.it\/comune_wp\/?p=12942"},"modified":"-0001-11-30T00:00:00","modified_gmt":"-0001-11-29T22:00:00","slug":"gianpaolo-carretta-partito-democratico-allagamento-scuola-via-del-popolo","status":"publish","type":"post","link":"https:\/\/archivio.comune.potenza.it\/?p=12942","title":{"rendered":"Gianpaolo Carretta (Partito Democratico): Allagamento scuola via del Popolo"},"content":{"rendered":"<p style=\"text-align: justify;\"><span style=\"font-size: 12.1599998474121px; line-height: 1.3em;\">\u201cAvevamo segnalato da mesi \u2013 esordisce il consigliere comunale del Pd, Gianpaolo Carretta \u2013 l\u2019assenza di una politica di edilizia scolastica sulla citt\u00e0 che affrontasse strategicamente l\u2019utilizzo e le funzioni dei plessi scolastici a partire da quelli del centro storico. Vedasi ex scuola Torraca e quella di via del Popolo, quest\u2019ultima per la quale \u00e8 stato chiesto di mettere in campo tutti gli interventi necessari per riaprire il terzo piano, restituendolo alle compresse attivit\u00e0 di formazione e per garantire la sicurezza della scuola. Apprendiamo con grande preoccupazione dell\u2019allagamento avvenuto in data odierna (16 maggio), proprio del piano che avevamo chiesto venisse restituito alle attivit\u00e0 scolastiche, come pi\u00f9 volte richiesto anche dal dirigente del Primo circolo. L\u2019assenza di una politica sulla scuola, con particolare riferimento all\u2019edilizia scolastica \u00e8 culminata con la naturale revoca dell\u2019assessore all\u2019Istruzione e alla Cultura. Non ci possono essere atteggiamenti tolleranti o comprensivi quando si trattano temi come quelli della sicurezza, dell\u2019incolumit\u00e0 e della formazione dei bambini. Chiediamo immediatamente l\u2019attivazione delle procedure ispettive interne per chiarire dinamiche ed eventuali responsabilit\u00e0, perch\u00e9 tali eventi non debbano pi\u00f9 accadere. Urge immediatamente \u2013 conclude Carretta \u2013 la convocazione ad horas della Consulta cittadina sulla scuola, che un atteggiamento culturale reazionario e provinciale ha impedito, a danno della comunit\u00e0 cittadina che ha bisogno di mettere in rete un confronto interistituzionale tra dirigenti, famiglie e istituzioni\u201d.<\/span><\/p>\n","protected":false},"excerpt":{"rendered":"<p>\u201cAvevamo segnalato da mesi \u2013 esordisce il consigliere comunale del Pd, Gianpaolo Carretta \u2013 l\u2019assenza di una politica di edilizia scolastica sulla citt\u00e0 che affrontasse &#8230; <\/p>\n","protected":false},"author":1,"featured_media":0,"comment_status":"closed","ping_status":"closed","sticky":false,"template":"single-sidebar.php","format":"standard","meta":{"footnotes":""},"categories":[384],"tags":[],"class_list":["post-12942","post","type-post","status-publish","format-standard","hentry","category-c243-comunicati-stampa-dei-consiglieri-243"],"_links":{"self":[{"href":"https:\/\/archivio.comune.potenza.it\/index.php?rest_route=\/wp\/v2\/posts\/12942"}],"collection":[{"href":"https:\/\/archivio.comune.potenza.it\/index.php?rest_route=\/wp\/v2\/posts"}],"about":[{"href":"https:\/\/archivio.comune.potenza.it\/index.php?rest_route=\/wp\/v2\/types\/post"}],"author":[{"embeddable":true,"href":"https:\/\/archivio.comune.potenza.it\/index.php?rest_route=\/wp\/v2\/users\/1"}],"replies":[{"embeddable":true,"href":"https:\/\/archivio.comune.potenza.it\/index.php?rest_route=%2Fwp%2Fv2%2Fcomments&post=12942"}],"version-history":[{"count":0,"href":"https:\/\/archivio.comune.potenza.it\/index.php?rest_route=\/wp\/v2\/posts\/12942\/revisions"}],"wp:attachment":[{"href":"https:\/\/archivio.comune.potenza.it\/index.php?rest_route=%2Fwp%2Fv2%2Fmedia&parent=12942"}],"wp:term":[{"taxonomy":"category","embeddable":true,"href":"https:\/\/archivio.comune.potenza.it\/index.php?rest_route=%2Fwp%2Fv2%2Fcategories&post=12942"},{"taxonomy":"post_tag","embeddable":true,"href":"https:\/\/archivio.comune.potenza.it\/index.php?rest_route=%2Fwp%2Fv2%2Ftags&post=12942"}],"curies":[{"name":"wp","href":"https:\/\/api.w.org\/{rel}","templated":true}]}}