{"id":12943,"date":"2015-06-14T15:04:29","date_gmt":"2015-06-14T15:04:29","guid":{"rendered":"http:\/\/archivio.comune.potenza.it\/comune_wp\/?p=12943"},"modified":"-0001-11-30T00:00:00","modified_gmt":"-0001-11-29T22:00:00","slug":"antonio-pesarini-gruppo-misto-situazione-politico-amministrativa-di-potenza","status":"publish","type":"post","link":"https:\/\/archivio.comune.potenza.it\/?p=12943","title":{"rendered":"Antonio Pesarini (Gruppo Misto): Situazione politico-amministrativa di Potenza"},"content":{"rendered":"<p style=\"text-align: justify;\"><span style=\"font-size: 12.1599998474121px; line-height: 1.3em;\">\u201cA quasi un anno dalle consultazioni amministrative che hanno visto l\u2019esito particolare di un Sindaco di centrodestra con una maggioranza di centrosinistra, si impone una riflessione sulla situazione politica del Capoluogo di regione\u201d secondo quanto affermato dal presidente del gruppo misto in Consiglio comunale, Antonio Pesarini. \u201cI ben noti problemi economici \u2013 prosegue \u2013 che hanno riguardato il Comune in questo anno non devono certo sviare l\u2019attenzione sui reali problemi della citt\u00e0 o fungere da alibi. I risultati ottenuti in questo anno, al netto dei problemi economici con i quali tra l\u2019altro anche le precedenti amministrazioni si sono dovute confrontare, non vanno certo nella direzione di questo \u2018epocale\u2019 cambiamento con il quale la nuova giunta si \u00e8 presentata ai cittadini. I problemi, molti dei quali investono seriamente il tessuto sociale della citt\u00e0, continuano a rimanere irrisolti, utilizzando l\u2019arte del rinvio come unica risposta da dare ai cittadini e, al momento, gli unici risultati sono quelli che invece si ereditano dalle precedenti amministrazioni. Manca una visione di citt\u00e0, un programma che metta nero su bianco cosa fare e quale ruolo dare al capoluogo, mentre appare evidente che l\u2019arte che va per la maggiore \u00e8 quella del \u2018campare alla giornata\u2019. Il ruolo della Politica, al quale essa non pu\u00f2 abdicare senza snaturarsi nella sua essenza, \u00e8 quello principe di programmare una visione futura della societ\u00e0 e gettare le basi affinch\u00e9 la stessa si concretizzi. La Politica non deve e non pu\u00f2 limitarsi alla gestione amministrativa della cosa pubblica, non pu\u00f2 e non deve confondersi con la semplice g<\/span><em style=\"font-size: 12.1599998474121px; line-height: 1.3em;\">overnance<\/em><span style=\"font-size: 12.1599998474121px; line-height: 1.3em;\"> della citt\u00e0. Siamo stati eletti per assolvere una funzione politica, non per svolgere ruoli dirigenziali che non ci competono. Se avessimo voluto abdicare ai nostri compiti, avremmo consegnato la guida della nostra citt\u00e0 a un commissario governativo, il quale avrebbe perseguito gli stessi obiettivi a cui a oggi \u00e8 costretta\u00a0 questa giunta,\u00a0 ma forse con maggiore decisione e\u00a0 competenza. Quando sar\u00e0 superato lo scoglio dell\u2019approvazione del bilancio, probabilmente a seguito delle considerazioni attualmente al vaglio del Consiglio regionale di Basilicata sul ruolo di \u2018area vasta\u2019 svolto dalle citt\u00e0 di Potenza e di Matera, chiamate a rispondere nel quotidiano al bisogno di un\u2019utenza ben pi\u00f9 ampia rispetto a quella che insiste naturalmente sui relativi territori, allora bisogner\u00e0 adoperarsi concretamente per affrontare i problemi del reale, senza procrastinare ulteriormente. Sar\u00e0 quello\u00a0 il momento in cui affrontare di petto i problemi e cominciare a dare finalmente risposte concrete ai cittadini, lavorando quotidianamente nell\u2019interesse degli stessi\u201d conclude il presidente del gruppo misto.\u00a0<\/span><\/p>\n","protected":false},"excerpt":{"rendered":"<p>\u201cA quasi un anno dalle consultazioni amministrative che hanno visto l\u2019esito particolare di un Sindaco di centrodestra con una maggioranza di centrosinistra, si impone una &#8230; <\/p>\n","protected":false},"author":1,"featured_media":0,"comment_status":"closed","ping_status":"closed","sticky":false,"template":"single-sidebar.php","format":"standard","meta":{"footnotes":""},"categories":[384],"tags":[],"class_list":["post-12943","post","type-post","status-publish","format-standard","hentry","category-c243-comunicati-stampa-dei-consiglieri-243"],"_links":{"self":[{"href":"https:\/\/archivio.comune.potenza.it\/index.php?rest_route=\/wp\/v2\/posts\/12943"}],"collection":[{"href":"https:\/\/archivio.comune.potenza.it\/index.php?rest_route=\/wp\/v2\/posts"}],"about":[{"href":"https:\/\/archivio.comune.potenza.it\/index.php?rest_route=\/wp\/v2\/types\/post"}],"author":[{"embeddable":true,"href":"https:\/\/archivio.comune.potenza.it\/index.php?rest_route=\/wp\/v2\/users\/1"}],"replies":[{"embeddable":true,"href":"https:\/\/archivio.comune.potenza.it\/index.php?rest_route=%2Fwp%2Fv2%2Fcomments&post=12943"}],"version-history":[{"count":0,"href":"https:\/\/archivio.comune.potenza.it\/index.php?rest_route=\/wp\/v2\/posts\/12943\/revisions"}],"wp:attachment":[{"href":"https:\/\/archivio.comune.potenza.it\/index.php?rest_route=%2Fwp%2Fv2%2Fmedia&parent=12943"}],"wp:term":[{"taxonomy":"category","embeddable":true,"href":"https:\/\/archivio.comune.potenza.it\/index.php?rest_route=%2Fwp%2Fv2%2Fcategories&post=12943"},{"taxonomy":"post_tag","embeddable":true,"href":"https:\/\/archivio.comune.potenza.it\/index.php?rest_route=%2Fwp%2Fv2%2Ftags&post=12943"}],"curies":[{"name":"wp","href":"https:\/\/api.w.org\/{rel}","templated":true}]}}