{"id":12947,"date":"2015-06-14T15:09:40","date_gmt":"2015-06-14T15:09:40","guid":{"rendered":"http:\/\/archivio.comune.potenza.it\/comune_wp\/?p=12947"},"modified":"-0001-11-30T00:00:00","modified_gmt":"-0001-11-29T22:00:00","slug":"michele-cannizzaro-liberiamo-la-citta-auto-danneggiate-a-montereale","status":"publish","type":"post","link":"https:\/\/archivio.comune.potenza.it\/?p=12947","title":{"rendered":"Michele Cannizzaro (Liberiamo la Citt\u00e0): Auto danneggiate a Montereale"},"content":{"rendered":"<p style=\"text-align: justify;\"><span style=\"font-size: 12.1599998474121px; line-height: 1.3em;\">\u201cInqualificabili e vergognosi gli atti vandalici compiuti da balordi che hanno danneggiato diverse auto nella zona del Parco di Montereale proprio nella notte in cui tutta la citt\u00e0 era in festa per i festeggiamenti in onore del suo Patrono&#8221;. \u00c8 quanto ha dichiarato il consigliere comunale di Potenza Michele Cannizzaro esprimendo\u00a0 \u201csolidariet\u00e0 e vicinanza a quei cittadini che hanno subito inspiegabili danneggiamenti, cos\u00ec come in altri incresciosi episodi che si sono verificati in altre zone della citt\u00e0, con giovani e cittadini ubriachi che devono invitarci a ripensare modalit\u00e0 dei festeggiamenti senza eccedere in utilizzo spropositato di alcool e vino.<\/span><\/p>\n<p>Nel confidare nell&#8217;operato della polizia municipale e delle forze dell&#8217;Ordine \u2013 il capogruppo Cannizzaro ha auspicato\u00a0 soprattutto in queste giornate di festa maggiori controlli su tutte le zone della citt\u00e0\u201d. \u201cA seguito dei diversi episodi di intolleranza, incivilt\u00e0, furti, atti vandalici \u2013 il capogruppo Cannizzaro ha preannunciato di chiedere al Sindaco della citt\u00e0 Dario De Luca \u2013 di valutare l&#8217;opportunit\u00e0 di chiedere al Prefetto di Potenza la convocazione urgente del Comitato per la sicurezza e l&#8217;Ordine pubblico per chiedere un maggior coordinamento della vigilanza e dei controlli in citt\u00e0 anche rispetto alla presenza sempre crescente di rom e immigrati\u201d.<\/p>\n","protected":false},"excerpt":{"rendered":"<p>\u201cInqualificabili e vergognosi gli atti vandalici compiuti da balordi che hanno danneggiato diverse auto nella zona del Parco di Montereale proprio nella notte in cui &#8230; <\/p>\n","protected":false},"author":1,"featured_media":0,"comment_status":"closed","ping_status":"closed","sticky":false,"template":"single-sidebar.php","format":"standard","meta":{"footnotes":""},"categories":[384],"tags":[],"class_list":["post-12947","post","type-post","status-publish","format-standard","hentry","category-c243-comunicati-stampa-dei-consiglieri-243"],"_links":{"self":[{"href":"https:\/\/archivio.comune.potenza.it\/index.php?rest_route=\/wp\/v2\/posts\/12947"}],"collection":[{"href":"https:\/\/archivio.comune.potenza.it\/index.php?rest_route=\/wp\/v2\/posts"}],"about":[{"href":"https:\/\/archivio.comune.potenza.it\/index.php?rest_route=\/wp\/v2\/types\/post"}],"author":[{"embeddable":true,"href":"https:\/\/archivio.comune.potenza.it\/index.php?rest_route=\/wp\/v2\/users\/1"}],"replies":[{"embeddable":true,"href":"https:\/\/archivio.comune.potenza.it\/index.php?rest_route=%2Fwp%2Fv2%2Fcomments&post=12947"}],"version-history":[{"count":0,"href":"https:\/\/archivio.comune.potenza.it\/index.php?rest_route=\/wp\/v2\/posts\/12947\/revisions"}],"wp:attachment":[{"href":"https:\/\/archivio.comune.potenza.it\/index.php?rest_route=%2Fwp%2Fv2%2Fmedia&parent=12947"}],"wp:term":[{"taxonomy":"category","embeddable":true,"href":"https:\/\/archivio.comune.potenza.it\/index.php?rest_route=%2Fwp%2Fv2%2Fcategories&post=12947"},{"taxonomy":"post_tag","embeddable":true,"href":"https:\/\/archivio.comune.potenza.it\/index.php?rest_route=%2Fwp%2Fv2%2Ftags&post=12947"}],"curies":[{"name":"wp","href":"https:\/\/api.w.org\/{rel}","templated":true}]}}