{"id":12948,"date":"2015-06-14T15:10:47","date_gmt":"2015-06-14T15:10:47","guid":{"rendered":"http:\/\/archivio.comune.potenza.it\/comune_wp\/?p=12948"},"modified":"-0001-11-30T00:00:00","modified_gmt":"-0001-11-29T22:00:00","slug":"lucia-sileo-partito-democratico-parata-storica-dei-turchi-2015","status":"publish","type":"post","link":"https:\/\/archivio.comune.potenza.it\/?p=12948","title":{"rendered":"Lucia Sileo (Partito Democratico): Parata Storica dei Turchi 2015"},"content":{"rendered":"<p style=\"text-align: justify;\">\u201cUna Parata dei Turchi \u2018imbarazzante\u2019. Organizzata in modo approssimato e ben lontana dal disciplinare approvato in Consiglio comunale,con quadri imprecisi e figuranti presenti in luoghi diversi da quelli di appartenenza\u201d: questo il parere della consigliera comunale del Pd Lucia Sileo. \u201cPer banali motivi di maggiore visibilit\u00e0 \u2013 prosegue in una sua nota \u2013 si \u00e8 inoltre stravolto il momento della consegna delle chiavi che ha fatto perdere il concetto dello storico incontro tra Nobili, Mastrogiurato e Conte cos\u00ec come descritto nel documento del 24 Giugno 1578 che rappresenta, come da disciplinare, la data di nascita della Parata e l&#8217;elemento intorno a cui si \u00e8 impostata la ricostruzione storica. Imprecisioni e approssimazioni anche in molta parte degli abiti e nel posizionamento dei quadri. \u00c8 mancata clamorosamente una regia,e non si \u00e8 pi\u00f9 compresa la storia che veniva narrata. Il rigore \u00e8 parte di una manifestazione di questo tipo, spetta a chi organizza per preservarla nel tempo e darle il carattere di momento di identit\u00e0 e appartenenza storica. Senza ci\u00f2 la manifestazione viene snaturata e diventa altro, da \u2018storica parata\u2019 torna a essere una semplice \u2018sfilata\u2019. Altra cosa \u00e8 la partecipazione e la citt\u00e0 giustamente in festa, ma questo non appartiene al merito di alcuno. Non comprendiamo il continuo richiamo dell&#8217;Amministrazione ai costi considerato che le spese ci sono comunque state, le verificheremo, a partire dagli oltre 50.000 euro impegnati per una riapertura delle scale mobili che hanno dato il chiaro senso di cosa significa privare di sevizi la citt\u00e0\u201d conclude la consigliera Sileo.<\/p>\n","protected":false},"excerpt":{"rendered":"<p>\u201cUna Parata dei Turchi \u2018imbarazzante\u2019. Organizzata in modo approssimato e ben lontana dal disciplinare approvato in Consiglio comunale,con quadri imprecisi e figuranti presenti in luoghi &#8230; <\/p>\n","protected":false},"author":1,"featured_media":0,"comment_status":"closed","ping_status":"closed","sticky":false,"template":"single-sidebar.php","format":"standard","meta":{"footnotes":""},"categories":[384],"tags":[],"class_list":["post-12948","post","type-post","status-publish","format-standard","hentry","category-c243-comunicati-stampa-dei-consiglieri-243"],"_links":{"self":[{"href":"https:\/\/archivio.comune.potenza.it\/index.php?rest_route=\/wp\/v2\/posts\/12948"}],"collection":[{"href":"https:\/\/archivio.comune.potenza.it\/index.php?rest_route=\/wp\/v2\/posts"}],"about":[{"href":"https:\/\/archivio.comune.potenza.it\/index.php?rest_route=\/wp\/v2\/types\/post"}],"author":[{"embeddable":true,"href":"https:\/\/archivio.comune.potenza.it\/index.php?rest_route=\/wp\/v2\/users\/1"}],"replies":[{"embeddable":true,"href":"https:\/\/archivio.comune.potenza.it\/index.php?rest_route=%2Fwp%2Fv2%2Fcomments&post=12948"}],"version-history":[{"count":0,"href":"https:\/\/archivio.comune.potenza.it\/index.php?rest_route=\/wp\/v2\/posts\/12948\/revisions"}],"wp:attachment":[{"href":"https:\/\/archivio.comune.potenza.it\/index.php?rest_route=%2Fwp%2Fv2%2Fmedia&parent=12948"}],"wp:term":[{"taxonomy":"category","embeddable":true,"href":"https:\/\/archivio.comune.potenza.it\/index.php?rest_route=%2Fwp%2Fv2%2Fcategories&post=12948"},{"taxonomy":"post_tag","embeddable":true,"href":"https:\/\/archivio.comune.potenza.it\/index.php?rest_route=%2Fwp%2Fv2%2Ftags&post=12948"}],"curies":[{"name":"wp","href":"https:\/\/api.w.org\/{rel}","templated":true}]}}