{"id":12952,"date":"2015-06-14T15:15:28","date_gmt":"2015-06-14T15:15:28","guid":{"rendered":"http:\/\/archivio.comune.potenza.it\/comune_wp\/?p=12952"},"modified":"-0001-11-30T00:00:00","modified_gmt":"-0001-11-29T22:00:00","slug":"giuseppe-giuzio-fratelli-d-italia-scritte-contro-il-sindaco-de-luca","status":"publish","type":"post","link":"https:\/\/archivio.comune.potenza.it\/?p=12952","title":{"rendered":"Giuseppe Giuzio (Fratelli d&#8217;Italia): Scritte contro il Sindaco De Luca"},"content":{"rendered":"<p style=\"text-align: justify;\">Le scritte comparse su alcuni muri contro il Sindaco Dario De Luca &#8211; che sta facendo di tutto per salvare la citt\u00e0 dal disastro &#8211; sono da attenzionare e condannare. Tali biasimevoli episodi \u2013 prosegue il consigliere comunale di Fratelli d\u2019Italia Giuseppe Giuzio \u2013\u00a0 sono sintomatici del clima politico poco sereno che si vive in questi ultimi mesi in citt\u00e0. Dario De Luca non si far\u00e0 certo intimidire da questo modo di fare che, come detto, va condannato e attenzionato, ma che certamente non pu\u00f2 preoccupare considerando anche il substrato sociale della citt\u00e0. Il Sindaco, siamo sicuri, andr\u00e0 oltre e continuer\u00e0 sulla strada segnata che \u00e8 sicuramente la migliore per la citt\u00e0\u201d conclude il consigliere.<\/p>\n","protected":false},"excerpt":{"rendered":"<p>Le scritte comparse su alcuni muri contro il Sindaco Dario De Luca &#8211; che sta facendo di tutto per salvare la citt\u00e0 dal disastro &#8211; &#8230; <\/p>\n","protected":false},"author":1,"featured_media":0,"comment_status":"closed","ping_status":"closed","sticky":false,"template":"single-sidebar.php","format":"standard","meta":{"footnotes":""},"categories":[384],"tags":[],"class_list":["post-12952","post","type-post","status-publish","format-standard","hentry","category-c243-comunicati-stampa-dei-consiglieri-243"],"_links":{"self":[{"href":"https:\/\/archivio.comune.potenza.it\/index.php?rest_route=\/wp\/v2\/posts\/12952"}],"collection":[{"href":"https:\/\/archivio.comune.potenza.it\/index.php?rest_route=\/wp\/v2\/posts"}],"about":[{"href":"https:\/\/archivio.comune.potenza.it\/index.php?rest_route=\/wp\/v2\/types\/post"}],"author":[{"embeddable":true,"href":"https:\/\/archivio.comune.potenza.it\/index.php?rest_route=\/wp\/v2\/users\/1"}],"replies":[{"embeddable":true,"href":"https:\/\/archivio.comune.potenza.it\/index.php?rest_route=%2Fwp%2Fv2%2Fcomments&post=12952"}],"version-history":[{"count":0,"href":"https:\/\/archivio.comune.potenza.it\/index.php?rest_route=\/wp\/v2\/posts\/12952\/revisions"}],"wp:attachment":[{"href":"https:\/\/archivio.comune.potenza.it\/index.php?rest_route=%2Fwp%2Fv2%2Fmedia&parent=12952"}],"wp:term":[{"taxonomy":"category","embeddable":true,"href":"https:\/\/archivio.comune.potenza.it\/index.php?rest_route=%2Fwp%2Fv2%2Fcategories&post=12952"},{"taxonomy":"post_tag","embeddable":true,"href":"https:\/\/archivio.comune.potenza.it\/index.php?rest_route=%2Fwp%2Fv2%2Ftags&post=12952"}],"curies":[{"name":"wp","href":"https:\/\/api.w.org\/{rel}","templated":true}]}}