{"id":12956,"date":"2015-06-14T15:46:53","date_gmt":"2015-06-14T15:46:53","guid":{"rendered":"http:\/\/archivio.comune.potenza.it\/comune_wp\/?p=12956"},"modified":"-0001-11-30T00:00:00","modified_gmt":"-0001-11-29T22:00:00","slug":"gianpaolo-carretta-partito-democratico-decisione-politico-amministrativa-del-consiglio-dei-ministri","status":"publish","type":"post","link":"https:\/\/archivio.comune.potenza.it\/?p=12956","title":{"rendered":"Gianpaolo Carretta (Partito Democratico): Decisione politico-amministrativa del Consiglio dei Ministri"},"content":{"rendered":"<p style=\"text-align: justify;\"><span>\u201cE\u2019 con grande rammarico che dobbiamo constatare che il Consiglio comunale, con la Delibera n. 59, del 23.05.2015, ha presentato al Ministero dell\u2019Interno un\u2019ipotesi di bilancio di previsione stabilmente riequilibrato per gli anni 2014-2018, incapace di produrre effetti veri per le casse comunali, per la citt\u00e0 e per il suo futuro. E\u2019 con senso di tristezza e di impotenza \u2013 prosegue il consigliere comunale del Pd Gianpaolo Carretta \u2013 per chi ama la propria citt\u00e0, che dobbiamo prendere atto che era giusto, cos\u00ec come abbiamo fatto, votare contro un bilancio intriso di profili di illegittimit\u00e0 e soprattutto non risolutivo per le problematiche del Comune, cos\u00ec come evidenziato dal Dipartimento per gli Affari Interni e Territoriali del Ministero dell\u2019Interno, che ha rilevato la violazione di legge, nel non rispetto dell\u2019art. 259 del T.U.E.L., e, sotto altro profilo, cos\u00ec come indicato dal parere dell\u2019Organo di revisione economico-finanziaria del Comune di Potenza: \u201cnon esiste alcuna documentazione che possa attestare la certezza, la liquidit\u00e0 e la esigibilit\u00e0 di suddetto contributo\u201d , che al contrario si era ritenuto, sbagliando, rinveniente dalla Deliberazione n.634, resa dalla Giunta Regionale di Basilicata, in data 14.05.2015. Tale deliberato era ed \u00e8, un mero atto di indirizzo a valenza politica, che rimandava la previsione di un contributo straordinario esclusivamente su base quinquennale al Comune di Potenza, ad un disegno di legge, che poteva essere approvato in sede legiferante esclusivamente dal Consiglio Regionale, in fase di assestamento di bilancio di previsione 2015-2017, e della relativa manovra di bilancio 2016-2018. Da ultimo, il Consiglio dei Ministri, con la decisione di ieri, ha bocciato, sia sotto il profilo tecnico-giuridico, che dell\u2019opportunit\u00e0 amministrativa, l\u2019ipotesi di consentire agli Enti Locali dissestati, con il cosiddetto Decreto spalmadebiti, di riequilibrare i propri bilanci in 5 anni e non in 3, introducendo, probabilmente, un principio di rigore e di moralizzazione nella gestione della cosa pubblica, censurando politicamente tale percorso. Ci dispiace non aver registrato analogo attivismo a livello parlamentare, regionale e comunale, per evitare l\u2019incauta dichiarazione di dissesto, che non ci stancheremo mai di ripetere che, poich\u00e9 la massa debitoria era costituita prevalentemente da disavanzo di amministrazione e non da debiti fuori bilancio, poteva essere compensata attraverso un piano di riequilibrio, cos\u00ec come avviene in tutti i casi similari in Italia, ed al quale l\u2019Assessore al Bilancio stava lavorando, prima di essere revocata. Tutto ci\u00f2 \u2013 aggiunge \u2013 avrebbe evitato alla citt\u00e0 l\u2019immobilismo amministrativo nel quale \u00e8 caduta, il disagio socio-economico e la vera e propria depressione di un capoluogo di Regione, che si vede impotente nell\u2019esercitare il proprio ruolo. Si \u00e8 voluto pervicacemente, da pi\u00f9 parti e con finalit\u00e0 differenti, avere un approccio ideologico in relazione alla situazione economico-finanziaria, cos\u00ec come tra l\u2019 altro attestato dalla Magistratura contabile. Tale situazione andava semplicemente riequilibrata, negli stessi modi e con le stesse poste finanziarie utilizzate oggi, ma era pi\u00f9 comodo da un punto di vista politico, parlare di \u201cbuco\u201d e di crisi economico-finanziaria, per poter esprimere un giudizio politico sul passato. Lo abbiamo detto e ripetuto da sempre: \u201cpiano di riequilibrio triennale e voto nella primavera del 2016\u201d , perch\u00e9 Potenza merita un\u2019idea di citt\u00e0, un progetto di crescita, un dibattito ed una visione strategica intorno al proprio ruolo ed alla propria vocazione, elementi assenti dal dibattito politico-istituzionale. Potenza merita un Sindaco con una propria maggioranza politica omogenea, che attui un programma condiviso. Oggi ci troviamo nel pieno di una crisi economico-finanziaria che poteva essere evitata, con una sanzione di circa 2.300.000,00 euro perch\u00e9 \u00e8 stato sforato il Patto di stabilit\u00e0, in una situazione di paralisi amministrativa, con un Governo della citt\u00e0 immobile e monco, praticamente in uno stallo totale. Abbiamo sentito ormai da mesi che bisognava andare avanti per evitare il commissariamento del Comune, e siamo stati d\u2019accordo. Ma in questa situazione, di assoluta precariet\u00e0 economica, di assenza totale delle condizioni di un governo cittadino stabile, in assenza, altres\u00ec, di una cultura politica e di una esperienza amministrativa, occorre fare di tutto per salvare la citt\u00e0, dalle secche in cui questa Amministrazione l\u2019ha portata; cercare di porre rimedio ai danni fatti con la dichiarazione di dissesto, evitare il commissariamento, ma annunciare in maniera chiara e coraggiosa, che nella primavera del 2016 bisogna ritornare al voto, questo si, per il bene della citt\u00e0. Le argomentazioni altre, sono frutto di sterili posizionamenti di parte e della paura di ripresentarsi alla verifica elettorale, per sottrarsi al giudizio della Citt\u00e0, che invece sapr\u00e0 giudicare e valutare uomini e idee, per Potenza e per il suo futuro\u201d conclude Carretta<\/span><\/p>\n","protected":false},"excerpt":{"rendered":"<p>\u201cE\u2019 con grande rammarico che dobbiamo constatare che il Consiglio comunale, con la Delibera n. 59, del 23.05.2015, ha presentato al Ministero dell\u2019Interno un\u2019ipotesi di &#8230; <\/p>\n","protected":false},"author":1,"featured_media":0,"comment_status":"closed","ping_status":"closed","sticky":false,"template":"single-sidebar.php","format":"standard","meta":{"footnotes":""},"categories":[384],"tags":[],"class_list":["post-12956","post","type-post","status-publish","format-standard","hentry","category-c243-comunicati-stampa-dei-consiglieri-243"],"_links":{"self":[{"href":"https:\/\/archivio.comune.potenza.it\/index.php?rest_route=\/wp\/v2\/posts\/12956"}],"collection":[{"href":"https:\/\/archivio.comune.potenza.it\/index.php?rest_route=\/wp\/v2\/posts"}],"about":[{"href":"https:\/\/archivio.comune.potenza.it\/index.php?rest_route=\/wp\/v2\/types\/post"}],"author":[{"embeddable":true,"href":"https:\/\/archivio.comune.potenza.it\/index.php?rest_route=\/wp\/v2\/users\/1"}],"replies":[{"embeddable":true,"href":"https:\/\/archivio.comune.potenza.it\/index.php?rest_route=%2Fwp%2Fv2%2Fcomments&post=12956"}],"version-history":[{"count":0,"href":"https:\/\/archivio.comune.potenza.it\/index.php?rest_route=\/wp\/v2\/posts\/12956\/revisions"}],"wp:attachment":[{"href":"https:\/\/archivio.comune.potenza.it\/index.php?rest_route=%2Fwp%2Fv2%2Fmedia&parent=12956"}],"wp:term":[{"taxonomy":"category","embeddable":true,"href":"https:\/\/archivio.comune.potenza.it\/index.php?rest_route=%2Fwp%2Fv2%2Fcategories&post=12956"},{"taxonomy":"post_tag","embeddable":true,"href":"https:\/\/archivio.comune.potenza.it\/index.php?rest_route=%2Fwp%2Fv2%2Ftags&post=12956"}],"curies":[{"name":"wp","href":"https:\/\/api.w.org\/{rel}","templated":true}]}}