{"id":12957,"date":"2015-06-14T15:48:22","date_gmt":"2015-06-14T15:48:22","guid":{"rendered":"http:\/\/archivio.comune.potenza.it\/comune_wp\/?p=12957"},"modified":"-0001-11-30T00:00:00","modified_gmt":"-0001-11-29T22:00:00","slug":"antonio-vigilante-lista-civica-per-la-citta-cancellazione-norma-salva-potenza","status":"publish","type":"post","link":"https:\/\/archivio.comune.potenza.it\/?p=12957","title":{"rendered":"Antonio Vigilante (Lista Civica per la Citt\u00e0): Cancellazione norma &#8220;salva Potenza&#8221;"},"content":{"rendered":"<p style=\"text-align: justify;\"><span>\u201cLa modifica all&#8217;ultimo minuto del decreto &#8216;Enti locali, con la cancellazione della norma &#8216;Salva Potenza&#8217;, \u00e8 un fatto gravissimo che merita una profonda riflessione. E&#8217; ancora vivo \u2013 prosegue in una sua nota il presidente del gruppo consiliare comunale &#8216;Lista civica per la citt\u00e0&#8217; Antonio Vigilante \u2013 il ricordo del Consiglio comunale in cui il viceministro Bubbico in persona, scortato dagli &#8216;alti papaveri&#8217; del Partito democratico, propose la famosa soluzione (subito ritenuta, da esperti legali, quantomeno di dubbia praticabilit\u00e0) che oggi scopriamo essere stata, a conti fatti, una presa per i fondelli. Mi chiedo: con quale coraggio Filippo Bubbico \u00e8 venuto nel Consiglio comunale di una citt\u00e0 in dissesto a riscuotere gli applausi, senza la garanzia che il vertice politico nazionale avrebbe accettato il suo improbabile &#8216;Salva Potenza&#8217;? Ma soprattutto, con quale finalit\u00e0 politica Filippo Bubbico \u00e8 venuto a proporci una soluzione che lui stesso, come scopriamo oggi, sapeva bene essere poco pi\u00f9 che una pia illusione, se non un vero e proprio bluff? Lo ha fatto davvero per &#8216;il bene della citt\u00e0&#8217;? O era forse per lucrare, a beneficio dei suoi uomini, qualche posto da assessore? O magari, per impiccare un&#8217;intera citt\u00e0 al ricatto &#8216;non abbandonate il centrosinistra, e vedrete che noi salveremo la citt\u00e0&#8217;? O ancora, forse, per raggirare il sindaco De Luca, che in questi giorni cerca in maniera febbrile una soluzione, anche a costo di compromettere il rapporto con gli alleati che lo hanno sostenuto finora? Filippo Bubbico \u00e8 persona che non ha orrore di dire prima una cosa e poi il suo contrario, come nella famosa vicenda del Sito Nazionale Unico di Stoccaggio delle scorie radioattive, anno 2003, quando si disse prima sostanzialmente favorevole &#8211; in audizione presso il Governo &#8211; al mortifero Sito Unico in Basilicata, e poi, dopo scoppiata la rivolta di Scanzano, si mise senza vergogna a capo della stessa, come se niente fosse. C&#8217;\u00e8 voluto un processo per scoprirlo. Con un personaggio simile, io non ho paura di confessare un sospetto: il viceministro Bubbico \u00e8 stato mandato a Potenza nel disperato tentativo di proseguire la tattica che il centrosinistra adotta sin dall&#8217;inizio della consiliatura con il sindaco De Luca, l&#8217;unica che conosce: temporeggiare, fingere le migliori intenzioni, tenere in ostaggio l&#8217;intera citt\u00e0 capoluogo, in attesa di un (impossibile) armistizio tra le diverse anime del PD. Tutte le chiacchiere sul &#8216;De Luca stimato anche dal centrosinistra&#8217;, ventilate da chi non ha fatto altro, in 12 mesi, che minare la credibilit\u00e0 del Sindaco, sono strumentali a questo progetto. Il centrosinistra non ha fatto altro in 12 mesi, che prendere in giro il primo cittadino, di cui non ha n\u00e9 stima n\u00e9 rispetto.Bene: se cos\u00ec fosse, il viceministro Bubbico si dovrebbe solo vergognare, e con lui tutti i vertici romani del Pd che sono venuti in Consiglio comunale a farsi baciare la pantofola. Perch\u00e9 oggi, dovrebbero capirlo tutti a cominciare dal viceministro, la societ\u00e0 \u00e8 cambiata. Esiste un&#8217;informazione pi\u00f9 libera, la gente \u00e8 pi\u00f9 istruita, la povert\u00e0 non si accompagna pi\u00f9 all&#8217;ignoranza e la gente ha sempre meno paura di presentare il conto ai suoi politici. I tempi di Emilio Colombo sono finiti. Il viceministro Bubbico, oltre a dimostrare di non contare politicamente quanto egli stesso vada vantando per le nostre contrade, ha fatto un grave errore: ha mancato di rispetto a tutta la nostra citt\u00e0, ha abusato del bisogno di un capoluogo sul baratro (ridotto cos\u00ec, peraltro, dai suoi compari di partito), per abiette ragioni di segreteria. E Dario De Luca, cos\u00ec come ha fatto bene a provare il tutto per tutto, oggi fa bene a dirsi amareggiato per quanto accaduto, e ad allontanarsi, speriamo definitivamente, dal pericoloso abbraccio. Invitiamo il Sindaco della nostra citt\u00e0, al quale confermiamo la nostra fiducia nonostante la gestione non esemplare di questa fase, a raccogliere i pezzi di quella parte sana del Consiglio comunale, quella che, da destra, da centro e da sinistra, gli ha consentito di governare finora (come sul bilancio, sul dissesto e sul piano trasporti), e ricominciare il lungo cammino per far rinascere Potenza. E&#8217; un percorso possibile, ma \u00e8 necessario abbandonare ogni forma di subalternit\u00e0, ricostruendo il rapporto con gli alleati e recuperando un confronto democratico con l&#8217;organo consiliare. Soprattutto, questa volta, senza cappello in mano davanti a nessuno\u201d conclude Vigilante<\/span><\/p>\n","protected":false},"excerpt":{"rendered":"<p>\u201cLa modifica all&#8217;ultimo minuto del decreto &#8216;Enti locali, con la cancellazione della norma &#8216;Salva Potenza&#8217;, \u00e8 un fatto gravissimo che merita una profonda riflessione. E&#8217; &#8230; <\/p>\n","protected":false},"author":1,"featured_media":0,"comment_status":"closed","ping_status":"closed","sticky":false,"template":"single-sidebar.php","format":"standard","meta":{"footnotes":""},"categories":[384],"tags":[],"class_list":["post-12957","post","type-post","status-publish","format-standard","hentry","category-c243-comunicati-stampa-dei-consiglieri-243"],"_links":{"self":[{"href":"https:\/\/archivio.comune.potenza.it\/index.php?rest_route=\/wp\/v2\/posts\/12957"}],"collection":[{"href":"https:\/\/archivio.comune.potenza.it\/index.php?rest_route=\/wp\/v2\/posts"}],"about":[{"href":"https:\/\/archivio.comune.potenza.it\/index.php?rest_route=\/wp\/v2\/types\/post"}],"author":[{"embeddable":true,"href":"https:\/\/archivio.comune.potenza.it\/index.php?rest_route=\/wp\/v2\/users\/1"}],"replies":[{"embeddable":true,"href":"https:\/\/archivio.comune.potenza.it\/index.php?rest_route=%2Fwp%2Fv2%2Fcomments&post=12957"}],"version-history":[{"count":0,"href":"https:\/\/archivio.comune.potenza.it\/index.php?rest_route=\/wp\/v2\/posts\/12957\/revisions"}],"wp:attachment":[{"href":"https:\/\/archivio.comune.potenza.it\/index.php?rest_route=%2Fwp%2Fv2%2Fmedia&parent=12957"}],"wp:term":[{"taxonomy":"category","embeddable":true,"href":"https:\/\/archivio.comune.potenza.it\/index.php?rest_route=%2Fwp%2Fv2%2Fcategories&post=12957"},{"taxonomy":"post_tag","embeddable":true,"href":"https:\/\/archivio.comune.potenza.it\/index.php?rest_route=%2Fwp%2Fv2%2Ftags&post=12957"}],"curies":[{"name":"wp","href":"https:\/\/api.w.org\/{rel}","templated":true}]}}