{"id":12958,"date":"2015-06-15T14:42:31","date_gmt":"2015-06-15T14:42:31","guid":{"rendered":"http:\/\/archivio.comune.potenza.it\/comune_wp\/?p=12958"},"modified":"-0001-11-30T00:00:00","modified_gmt":"-0001-11-29T22:00:00","slug":"giuseppe-giuzio-fratelli-d-italia-voto-materano-e-situazione-politica-potentina","status":"publish","type":"post","link":"https:\/\/archivio.comune.potenza.it\/?p=12958","title":{"rendered":"Giuseppe Giuzio (Fratelli d&#8217;Italia): Voto materano e situazione politica potentina"},"content":{"rendered":"<p style=\"text-align: justify;\"><span style=\"font-size: 12.1599998474121px; line-height: 1.3em;\">\u201cDopo il risultato elettorale della citt\u00e0 di Matera \u2013 sostiene il consigliere comunale del gruppo Fratelli d\u2019Italia, Giuseppe Giuzio \u2013 che ha visto l&#8217;affermazione di De Ruggeri nel ballottaggio per la poltrona da Sindaco contro Adduce, uomo forte del Pd, si impone una riflessione in merito alla voglia di discontinuit\u00e0 e cambiamento che, da tempo, serpeggia in Basilicata. Nessuno pensava che &#8211; prima a Potenza e poi a Matera &#8211; si potesse in un anno annientare l&#8217;area politica pi\u00f9 forte e presente in tutte le istituzioni territoriali della Regione con la \u2018presa\u2019 dei municipi dei due capoluoghi. Gli elettori &#8211; \u00e8 chiaro &#8211; cercano nuove garanzie morali e politiche nella gestione della cosa pubblica e lo fanno attraverso la scelta di una nuova classe dirigente. \u00c8 necessario interpretare questa voglia di novit\u00e0 attraverso un&#8217;azione coraggiosa che deve passare da una forte discontinuit\u00e0 politica e amministrativa. Anche Potenza deve far sua questa voglia di cambiamento attraverso un forte rilancio della citt\u00e0, ancora, non del tutto visibile nell&#8217;azione posta in essere in questo primo anno di gestione De Luca, che \u00e8 risultata incisiva dal punto di vista amministrativo ma troppo timida da quello politico, rispetto alla voglia di cambiamento uscita dalle urne: l&#8217;anatra zoppa non pu\u00f2 continuare ad essere un alibi. I cittadini sono stati chiari \u2018NO\u2019 a inciuci \u2018SI\u2019 al cambiamento non solo di sigle ma di persone e idee. Bisogna prenderne atto e evitare pasticci o inutili logoramenti: o si ha il coraggio di interpretare il cambiamento o si prenda atto dell&#8217;impossibilit\u00e0 di assecondare la volont\u00e0 espressa dagli elettori e se ne assumano le determinazioni conseguenti. Fratelli D&#8217;Italia \u00e8 stata da sempre chiara: mai in governo con chi \u00e8 stato carnefice della nostra citt\u00e0. Chi deve decidere lo sa da tempo e lo faccia a prescindere &#8211; da seppur legittime &#8211; aspirazioni personali che devono essere sempre tenute da parte nell&#8217;interesse superiore della citt\u00e0. Non \u00e8 pi\u00f9 tempo di tentennamenti se il Sindaco vuole realmente, come affermato, fare tagli \u2018commissariali\u2019 si pu\u00f2 ragionare &#8211; assumendocene anche i rischi politici &#8211; ma solo nel rispetto della volont\u00e0 espressa dai cittadini nell&#8217;ultima tornata che hanno voluto un Sindaco di centro destra, che deve dettare la linea, e un consiglio di centro sinistra, che pu\u00f2 emendare e controllare l&#8217;azione amministrativa, tutte le altre strade sono impercorribili sopratutto quella che potrebbe sembrare un \u2018do ut des\u2019, ovvero aiuti in cambio di posti in giunta\u201d conclude il consigliere Giuzio.<\/span><\/p>\n","protected":false},"excerpt":{"rendered":"<p>\u201cDopo il risultato elettorale della citt\u00e0 di Matera \u2013 sostiene il consigliere comunale del gruppo Fratelli d\u2019Italia, Giuseppe Giuzio \u2013 che ha visto l&#8217;affermazione di &#8230; <\/p>\n","protected":false},"author":1,"featured_media":0,"comment_status":"closed","ping_status":"closed","sticky":false,"template":"single-sidebar.php","format":"standard","meta":{"footnotes":""},"categories":[384],"tags":[],"class_list":["post-12958","post","type-post","status-publish","format-standard","hentry","category-c243-comunicati-stampa-dei-consiglieri-243"],"_links":{"self":[{"href":"https:\/\/archivio.comune.potenza.it\/index.php?rest_route=\/wp\/v2\/posts\/12958"}],"collection":[{"href":"https:\/\/archivio.comune.potenza.it\/index.php?rest_route=\/wp\/v2\/posts"}],"about":[{"href":"https:\/\/archivio.comune.potenza.it\/index.php?rest_route=\/wp\/v2\/types\/post"}],"author":[{"embeddable":true,"href":"https:\/\/archivio.comune.potenza.it\/index.php?rest_route=\/wp\/v2\/users\/1"}],"replies":[{"embeddable":true,"href":"https:\/\/archivio.comune.potenza.it\/index.php?rest_route=%2Fwp%2Fv2%2Fcomments&post=12958"}],"version-history":[{"count":0,"href":"https:\/\/archivio.comune.potenza.it\/index.php?rest_route=\/wp\/v2\/posts\/12958\/revisions"}],"wp:attachment":[{"href":"https:\/\/archivio.comune.potenza.it\/index.php?rest_route=%2Fwp%2Fv2%2Fmedia&parent=12958"}],"wp:term":[{"taxonomy":"category","embeddable":true,"href":"https:\/\/archivio.comune.potenza.it\/index.php?rest_route=%2Fwp%2Fv2%2Fcategories&post=12958"},{"taxonomy":"post_tag","embeddable":true,"href":"https:\/\/archivio.comune.potenza.it\/index.php?rest_route=%2Fwp%2Fv2%2Ftags&post=12958"}],"curies":[{"name":"wp","href":"https:\/\/api.w.org\/{rel}","templated":true}]}}