{"id":12960,"date":"2015-06-18T09:39:39","date_gmt":"2015-06-18T09:39:39","guid":{"rendered":"http:\/\/archivio.comune.potenza.it\/comune_wp\/?p=12960"},"modified":"-0001-11-30T00:00:00","modified_gmt":"-0001-11-29T22:00:00","slug":"savino-giannizzari-movimento-5-stelle-un-anno-da-consigliere-comunale","status":"publish","type":"post","link":"https:\/\/archivio.comune.potenza.it\/?p=12960","title":{"rendered":"Savino Giannizzari (Movimento 5 Stelle): Un anno da consigliere comunale"},"content":{"rendered":"<p style=\"text-align: justify;\"><span style=\"font-size: 12.1599998474121px; line-height: 1.3em;\">Si terr\u00e0 sabato 20 giugno alle ore 10,30 nella sala consiliare del palazzo del Consiglio comunale, in piazza Matteotti a Potenza, la conferenza stampa di presentazione delle attivit\u00e0 svolte dal capogruppo del Movimento 5 Stelle in Consiglio comunale, Savino Giannizzari, nel suo primo anno di mandato. La giornata del consigliere proseguir\u00e0 in largo Trinit\u00e0, dove sar\u00e0 allestito un apposito gazebo, iniziativa volta a far conoscere l\u2019operato del consigliere anche alla cittadinanza. 10 i punti sui quali l\u2019esponente del M5S si soffermer\u00e0: adozione dell\u20198X1000 per l\u2019edilizia scolastica, fornitura e gestione della distribuzione del gas nell\u2019ambito \u2018Potenza 2-Sud\u2019, costituzione di parte civile nel procedimento \u2018Monnezzopoli\u2019, alloggi di contrada Malvaccaro, attivit\u00e0 per promozionare l\u2019uscita dalla moneta unica, iniziative in favore dell\u2019istituzione del parcheggio gratuito all\u2019Ospedale San Carlo, individuazione di persone che si dedichino direttamente al controllo dell\u2019attivit\u00e0 consiliare e degli eventuali sprechi di spesa, impegno a sostegno del mantenimento dei pres\u00ecdi delle forze dell\u2019ordine, lotta all\u2019incentivazione del gioco d\u2019azzardo anche attraverso l\u2019adesione al \u2018Manifesto dei Sindaci\u2019. \u00a0 \u00a0<\/span><\/p>\n","protected":false},"excerpt":{"rendered":"<p>Si terr\u00e0 sabato 20 giugno alle ore 10,30 nella sala consiliare del palazzo del Consiglio comunale, in piazza Matteotti a Potenza, la conferenza stampa di &#8230; <\/p>\n","protected":false},"author":1,"featured_media":0,"comment_status":"closed","ping_status":"closed","sticky":false,"template":"single-sidebar.php","format":"standard","meta":{"footnotes":""},"categories":[384],"tags":[],"class_list":["post-12960","post","type-post","status-publish","format-standard","hentry","category-c243-comunicati-stampa-dei-consiglieri-243"],"_links":{"self":[{"href":"https:\/\/archivio.comune.potenza.it\/index.php?rest_route=\/wp\/v2\/posts\/12960"}],"collection":[{"href":"https:\/\/archivio.comune.potenza.it\/index.php?rest_route=\/wp\/v2\/posts"}],"about":[{"href":"https:\/\/archivio.comune.potenza.it\/index.php?rest_route=\/wp\/v2\/types\/post"}],"author":[{"embeddable":true,"href":"https:\/\/archivio.comune.potenza.it\/index.php?rest_route=\/wp\/v2\/users\/1"}],"replies":[{"embeddable":true,"href":"https:\/\/archivio.comune.potenza.it\/index.php?rest_route=%2Fwp%2Fv2%2Fcomments&post=12960"}],"version-history":[{"count":0,"href":"https:\/\/archivio.comune.potenza.it\/index.php?rest_route=\/wp\/v2\/posts\/12960\/revisions"}],"wp:attachment":[{"href":"https:\/\/archivio.comune.potenza.it\/index.php?rest_route=%2Fwp%2Fv2%2Fmedia&parent=12960"}],"wp:term":[{"taxonomy":"category","embeddable":true,"href":"https:\/\/archivio.comune.potenza.it\/index.php?rest_route=%2Fwp%2Fv2%2Fcategories&post=12960"},{"taxonomy":"post_tag","embeddable":true,"href":"https:\/\/archivio.comune.potenza.it\/index.php?rest_route=%2Fwp%2Fv2%2Ftags&post=12960"}],"curies":[{"name":"wp","href":"https:\/\/api.w.org\/{rel}","templated":true}]}}