{"id":12961,"date":"2015-07-09T08:22:06","date_gmt":"2015-07-09T08:22:06","guid":{"rendered":"http:\/\/archivio.comune.potenza.it\/comune_wp\/?p=12961"},"modified":"-0001-11-30T00:00:00","modified_gmt":"-0001-11-29T22:00:00","slug":"giampiero-iudicello-partito-democratico-sostegno-economico-al-comune-di-potenza","status":"publish","type":"post","link":"https:\/\/archivio.comune.potenza.it\/?p=12961","title":{"rendered":"Giampiero Iudicello (Partito Democratico): Sostegno economico al Comune di Potenza"},"content":{"rendered":"<p style=\"text-align: justify;\">\u201cLa situazione che stanno vivendo i cittadini di Potenza imporrebbe una seria riflessione da parte di tutta la classe politica nonch\u00e9 un atteggiamento di umile e costruttiva operosit\u00e0 e ripiegamento sulle questioni di merito e non continue polemiche, rivendicazioni e contrapposizioni sterili e dannose\u201d, cosi afferma in una nota il capogruppo del Partito Democratico Giampiero Iudicello. \u201cDa rappresentante dei cittadini di Potenza, che mi hanno voluto onorare con il loro voto, il mio appello, rivolto a tutte le istituzioni, rimane quello alla responsabilit\u00e0 e a cercare di perseguire fino all&#8217;ultimo tutte le strade che possono portare a una soluzione o anche semplicemente a una attenuazione dei problemi che affliggono la nostra comunit\u00e0. Tasse al massimo, servizi scadenti, nessuna prospettiva anzi, la sola prospettiva di restare senza presidio istituzionale e di affidare la gestione di una fase cos\u00ec delicata a un commissario che affronterebbe la questione con i dosaggi esatti degli esperti, con la fredda logica dei numeri e non con la testa e il cuore di chi vive e soffre da cittadino, ancor prima che da politico, i disagi che vive la nostra comunit\u00e0. Pertanto, non posso associarmi che chi dice: i soldi al Comune di Potenza, anche il doppio, ma non a questi amministratori. Ritengo che in momenti cosi difficili sia sempre l&#8217;interesse dei cittadini quello di ammettere innanzi a tutto, innanzi anche ai colori e le bandiere politiche, e pertanto io dico: se c&#8217;\u00e8 la possibilit\u00e0 anche il triplo dei soldi, e subito, per alleviare i disagi dei cittadini di Potenza e di una comunit\u00e0 vasta di lucani che fruiscono di servizi essenziali\u201d conclude Iudicello.<\/p>\n<p>\u00a0<\/p>\n","protected":false},"excerpt":{"rendered":"<p>\u201cLa situazione che stanno vivendo i cittadini di Potenza imporrebbe una seria riflessione da parte di tutta la classe politica nonch\u00e9 un atteggiamento di umile &#8230; <\/p>\n","protected":false},"author":1,"featured_media":0,"comment_status":"closed","ping_status":"closed","sticky":false,"template":"single-sidebar.php","format":"standard","meta":{"footnotes":""},"categories":[384],"tags":[],"class_list":["post-12961","post","type-post","status-publish","format-standard","hentry","category-c243-comunicati-stampa-dei-consiglieri-243"],"_links":{"self":[{"href":"https:\/\/archivio.comune.potenza.it\/index.php?rest_route=\/wp\/v2\/posts\/12961"}],"collection":[{"href":"https:\/\/archivio.comune.potenza.it\/index.php?rest_route=\/wp\/v2\/posts"}],"about":[{"href":"https:\/\/archivio.comune.potenza.it\/index.php?rest_route=\/wp\/v2\/types\/post"}],"author":[{"embeddable":true,"href":"https:\/\/archivio.comune.potenza.it\/index.php?rest_route=\/wp\/v2\/users\/1"}],"replies":[{"embeddable":true,"href":"https:\/\/archivio.comune.potenza.it\/index.php?rest_route=%2Fwp%2Fv2%2Fcomments&post=12961"}],"version-history":[{"count":0,"href":"https:\/\/archivio.comune.potenza.it\/index.php?rest_route=\/wp\/v2\/posts\/12961\/revisions"}],"wp:attachment":[{"href":"https:\/\/archivio.comune.potenza.it\/index.php?rest_route=%2Fwp%2Fv2%2Fmedia&parent=12961"}],"wp:term":[{"taxonomy":"category","embeddable":true,"href":"https:\/\/archivio.comune.potenza.it\/index.php?rest_route=%2Fwp%2Fv2%2Fcategories&post=12961"},{"taxonomy":"post_tag","embeddable":true,"href":"https:\/\/archivio.comune.potenza.it\/index.php?rest_route=%2Fwp%2Fv2%2Ftags&post=12961"}],"curies":[{"name":"wp","href":"https:\/\/api.w.org\/{rel}","templated":true}]}}