{"id":12966,"date":"2015-07-09T08:34:09","date_gmt":"2015-07-09T08:34:09","guid":{"rendered":"http:\/\/archivio.comune.potenza.it\/comune_wp\/?p=12966"},"modified":"-0001-11-30T00:00:00","modified_gmt":"-0001-11-29T22:00:00","slug":"nicola-lovallo-partito-democratico-lavori-della-v-commissione-consiliare","status":"publish","type":"post","link":"https:\/\/archivio.comune.potenza.it\/?p=12966","title":{"rendered":"Nicola Lovallo (Partito Democratico): Lavori della V Commissione Consiliare"},"content":{"rendered":"<p>&#8220;Con grande sorpresa e rammarico durante i lavori della Quinta commissione l&#8217;assessore Percoco ha affermato che la citt\u00e0 di Potenza \u00e8 priva di attrattori culturali e che pertanto gli investimenti in cultura hanno poca importanza e non possono avere ricadute positive sul turismo. Un&#8217;affermazione che mi ha indignato \u2013 prosegue in una nota il consigliere comunale del Pd Nicola Lovallo \u2013 e mi ha portato ad abbandonare immediatamente i lavori. \u00c8 evidente che ci troviamo dinanzi a persone che non conoscono la grande storia della nostra citt\u00e0, le sue forti radici cattoliche e il valore del nostro Centro storico che di quella Storia ne \u00e8 stato testimone e che ancora conserva le tracce, dalle chiese ai palazzi nobiliari a luoghi di grandi eventi storici di respiro nazionale. Senza tener conto dei nostri siti archeologici e del fatto che gli investimenti culturali,se figli di progetti di ampio respiro capaci di recuperare la memoria storica e aprire ad altre esperienze,notoriamente consentono ad una comunit\u00e0 di crescere pi\u00f9 rapidamente e pi\u00f9 coesa .Si conferma una visione limitata di questa Amministrazione incapace di darsi un disegno strategico che, dopo aver perso importanti risorse, da quelle dell&#8217;asse metropolitano a quelle del Gal Camastra che ci ha privato di un&#8217;opera destinata a valorizzare i prodotti tipici del nostro territorio metropolitano ove vi \u00e8 storia, cultura e ambiente, oggi rinuncia anche agli investimenti in cultura. Il messaggio alla comunit\u00e0 che viene dalla giunta De Luca \u00e8 estremamente negativo, e non si pensi ancora di continuare a chiamare in causa altre responsabilit\u00e0 per giustificare una chiara incapacit\u00e0 amministrativa&#8221;, conclude Lovallo.<\/p>\n<p>\u00a0<\/p>\n<p>\u00a0<\/p>\n<p>\u00a0<\/p>\n","protected":false},"excerpt":{"rendered":"<p>&#8220;Con grande sorpresa e rammarico durante i lavori della Quinta commissione l&#8217;assessore Percoco ha affermato che la citt\u00e0 di Potenza \u00e8 priva di attrattori culturali &#8230; <\/p>\n","protected":false},"author":1,"featured_media":0,"comment_status":"closed","ping_status":"closed","sticky":false,"template":"single-sidebar.php","format":"standard","meta":{"footnotes":""},"categories":[384],"tags":[],"class_list":["post-12966","post","type-post","status-publish","format-standard","hentry","category-c243-comunicati-stampa-dei-consiglieri-243"],"_links":{"self":[{"href":"https:\/\/archivio.comune.potenza.it\/index.php?rest_route=\/wp\/v2\/posts\/12966"}],"collection":[{"href":"https:\/\/archivio.comune.potenza.it\/index.php?rest_route=\/wp\/v2\/posts"}],"about":[{"href":"https:\/\/archivio.comune.potenza.it\/index.php?rest_route=\/wp\/v2\/types\/post"}],"author":[{"embeddable":true,"href":"https:\/\/archivio.comune.potenza.it\/index.php?rest_route=\/wp\/v2\/users\/1"}],"replies":[{"embeddable":true,"href":"https:\/\/archivio.comune.potenza.it\/index.php?rest_route=%2Fwp%2Fv2%2Fcomments&post=12966"}],"version-history":[{"count":0,"href":"https:\/\/archivio.comune.potenza.it\/index.php?rest_route=\/wp\/v2\/posts\/12966\/revisions"}],"wp:attachment":[{"href":"https:\/\/archivio.comune.potenza.it\/index.php?rest_route=%2Fwp%2Fv2%2Fmedia&parent=12966"}],"wp:term":[{"taxonomy":"category","embeddable":true,"href":"https:\/\/archivio.comune.potenza.it\/index.php?rest_route=%2Fwp%2Fv2%2Fcategories&post=12966"},{"taxonomy":"post_tag","embeddable":true,"href":"https:\/\/archivio.comune.potenza.it\/index.php?rest_route=%2Fwp%2Fv2%2Ftags&post=12966"}],"curies":[{"name":"wp","href":"https:\/\/api.w.org\/{rel}","templated":true}]}}