{"id":12970,"date":"2015-07-09T08:39:31","date_gmt":"2015-07-09T08:39:31","guid":{"rendered":"http:\/\/archivio.comune.potenza.it\/comune_wp\/?p=12970"},"modified":"-0001-11-30T00:00:00","modified_gmt":"-0001-11-29T22:00:00","slug":"giuseppe-giuzio-fratelli-d-italia-evoluzione-della-situazione-del-comune-di-potenza","status":"publish","type":"post","link":"https:\/\/archivio.comune.potenza.it\/?p=12970","title":{"rendered":"Giuseppe Giuzio (Fratelli d&#8217;Italia): Evoluzione della situazione del Comune di Potenza"},"content":{"rendered":"<p style=\"text-align: justify;\"><span style=\"font-size: 12.1599998474121px; line-height: 1.3em;\">\u201cPotenza con le royalties del petrolio, \u00a0subodorando che la strada prospettata \u00e8, in teoria, percorribile \u2013 spiega in una sua nota il consigliere comunale di Fratelli d\u2019Italia Giuseppe Giuzio \u2013 si mette sulla difensiva evidenziando quasi con coro unanime, che pur non essendo contrari al salvataggio, vanno prima accertate le responsabilit\u00e0 personali e politiche di chi il dissesto lo ha creato, come se i nomi e cognomi degli autori del &#8220;default&#8221; \u00a0fossero ignoti o soggetti a segreto di stato e, poi valutato concretamente il buco di bilancio, quasi insinuando che il rendiconto presentato dalla Giunta De Luca non fosse attendibile. Ferma la condanna nei confronti dell\u2019operato dell\u2019Amministrazione Comunale che ha governato la citt\u00e0 nell\u2019ultimo decennio &#8211; un operato ritenuto da tutti inadeguato rispetto alle reali esigenze dei cittadini a causa di una profonda autoreferenzialit\u00e0 del Sindaco e di gran parte della Giunta che, chiusi in un isolamento sempre pi\u00f9 marcato, hanno imposto alla citt\u00e0 scelte quasi mai condivise con le forze politiche, il Consiglio Comunale e, di conseguenza, con i cittadini stessi &#8211; \u00a0non si pu\u00f2 non sottolineare l&#8217;odierno ostracismo, la guerra di posizionamento politico di molti consiglieri regionali, da un lato condizionati dalla consapevolezza che i potentini non dimenticheranno chi oggi si oppone al salvataggio della citt\u00e0, condannandola ad ulteriori sacrifici, dall&#8217;altro con la voglia di dimostrarsi protagonisti nel bacino di voti pi\u00f9 importante della Basilicata. Troppi i componenti dell&#8217;assise regionale, eletti con i voti dei potentini, che poi si dimenticano che Potenza \u00e8 la citt\u00e0 capoluogo. Nessun pretesa, favoritismo o limitazione all&#8217;assenza del vincolo di mandato ma semplice riconoscimento \u00a0del giusto ruolo da riservare a chi accoglie ogni giorno, generosamente, tanti che della provincia raggiungono la citt\u00e0. Potenza, lo sappiano i cittadini, se si volesse si potrebbe salvare, lo ha fatto capire chiaramente il gi\u00e0 sindaco Santarsiero ma la politica tergiversa, si incarta pi\u00f9 o meno strumentalmente e perde tempo in ideologismi ormai superati.\u00a0La &#8220;proposta sul tavolo&#8221; \u00e8 l&#8217;unica che in tanti mesi di chiacchiere e prese in giro ha una struttura giuridica, una copertura economica e un fondamento fattuale consistente. La stessa, infatti, cerca un reimpiego delle risorse delle royalty 2013-2014 &#8211; troppo spesso destinate alla spesa corrente (sanit\u00e0, universit\u00e0, forestazione etc.), invece che a sviluppo, infrastrutture e posti di lavoro &#8211; per dare sostegno, in un momento di mancanza di trasferimenti statali, agli enti locali in affanno e con preminenza alla citt\u00e0 di Potenza. Nulla di scandaloso, nessun furto ai cittadini un modo limpido, chiaro, diretto e costruttivo per impedire che quella sofferenza economica\/finanziaria che oggi vive buona parte della nostra regione possa trasformarsi in tragedia. A prescindere da come andr\u00e0 a finire Potenza deve tornare ad essere &#8220;capoluogo trainante&#8221; lo deve essere, previo riequilibrio di bilancio, per i servizi di eccellenza da offrire ai suoi cittadini e ai tanti che vi vivono o transitano occasionalmente, riscoprendo i suoi innumerevoli \u00a0attrattori turistici unici per storia e tradizione a partire dalla Storica Parata dei Turchi. Potenza, in un modo o un altro, \u00a0risorger\u00e0 dalle due ceneri e lo far\u00e0 generosamente non dimenticando che \u00e8 capoluogo di regione e come tali ha tanti oneri da assolvere nei confronto dei lucani. Ora chiede solo di non essere abbandonata al suo destino e lo fa con la discrezione e timidezza che da sempre contraddistinguono i cittadini del capoluogo, nella speranza che lo spirito di antagonismo, diretto o mascherato, esplicato da molti amministratori possa essere superato nell&#8217;interesse superiore della comunit\u00e0 lucana\u201d conclude Giuzio.\u00a0<\/span><\/p>\n","protected":false},"excerpt":{"rendered":"<p>\u201cPotenza con le royalties del petrolio, \u00a0subodorando che la strada prospettata \u00e8, in teoria, percorribile \u2013 spiega in una sua nota il consigliere comunale di &#8230; <\/p>\n","protected":false},"author":1,"featured_media":0,"comment_status":"closed","ping_status":"closed","sticky":false,"template":"single-sidebar.php","format":"standard","meta":{"footnotes":""},"categories":[384],"tags":[],"class_list":["post-12970","post","type-post","status-publish","format-standard","hentry","category-c243-comunicati-stampa-dei-consiglieri-243"],"_links":{"self":[{"href":"https:\/\/archivio.comune.potenza.it\/index.php?rest_route=\/wp\/v2\/posts\/12970"}],"collection":[{"href":"https:\/\/archivio.comune.potenza.it\/index.php?rest_route=\/wp\/v2\/posts"}],"about":[{"href":"https:\/\/archivio.comune.potenza.it\/index.php?rest_route=\/wp\/v2\/types\/post"}],"author":[{"embeddable":true,"href":"https:\/\/archivio.comune.potenza.it\/index.php?rest_route=\/wp\/v2\/users\/1"}],"replies":[{"embeddable":true,"href":"https:\/\/archivio.comune.potenza.it\/index.php?rest_route=%2Fwp%2Fv2%2Fcomments&post=12970"}],"version-history":[{"count":0,"href":"https:\/\/archivio.comune.potenza.it\/index.php?rest_route=\/wp\/v2\/posts\/12970\/revisions"}],"wp:attachment":[{"href":"https:\/\/archivio.comune.potenza.it\/index.php?rest_route=%2Fwp%2Fv2%2Fmedia&parent=12970"}],"wp:term":[{"taxonomy":"category","embeddable":true,"href":"https:\/\/archivio.comune.potenza.it\/index.php?rest_route=%2Fwp%2Fv2%2Fcategories&post=12970"},{"taxonomy":"post_tag","embeddable":true,"href":"https:\/\/archivio.comune.potenza.it\/index.php?rest_route=%2Fwp%2Fv2%2Ftags&post=12970"}],"curies":[{"name":"wp","href":"https:\/\/api.w.org\/{rel}","templated":true}]}}