{"id":12973,"date":"2015-07-14T08:52:57","date_gmt":"2015-07-14T08:52:57","guid":{"rendered":"http:\/\/archivio.comune.potenza.it\/comune_wp\/?p=12973"},"modified":"-0001-11-30T00:00:00","modified_gmt":"-0001-11-29T22:00:00","slug":"roberto-falotico-potenza-condivisa-situazione-politico-amministrativa-evitare-polemiche","status":"publish","type":"post","link":"https:\/\/archivio.comune.potenza.it\/?p=12973","title":{"rendered":"Roberto Falotico (Potenza Condivisa): Situazione politico-amministrativa \u201cEvitare polemiche\u201d"},"content":{"rendered":"<p style=\"text-align: justify;\"><span style=\"font-size: 12.1599998474121px; line-height: 1.3em;\">\u201cChi veramente ha a cuore le sorti della citt\u00e0 di Potenza oggi ha un solo modo per dimostrarlo: evitare polemiche e strumentalizzazioni\u00a0 che inquinino il clima politico e pongano ostacoli agli ultimi tentativi di portare a termine una operazione di salvataggio\u201d: questo il parere del consigliere comunale del gruppo \u2018Potenza condivisa\u2019 Roberto Falotico. \u201cSi cerchi, \u2013 prosegue \u2013 tutti insieme, di attendere in silenzio l\u2019esito di alcune iniziative messe in atto sia sul versante legislativo in corso al Senato sia su quello amministrativo (il recupero sul fondo di coesione dei proventi della card) e, solo alla conclusione delle stesse, si riapra la discussione sulla possibilit\u00e0 o meno di andare avanti o sulle responsabilit\u00e0 di questo o di quell\u2019altro rispetto a quanto accaduto.\u00a0 Forzare la mano con iniziative che non producono valore aggiunto rispetto alla questione \u00e8 inopportuno, giacch\u00e9 si rischia di\u00a0 prestare il fianco a manovre destabilizzanti di chi , da un lato e dall\u2019altro, pi\u00f9 che avere a cuore gli interessi della citt\u00e0 pensa a costruirsi una rendita politica. Un fatto \u00e8 certo: l\u2019interlocuzione tra Comune e Regione \u00e8 stata segnata da un approccio serio e positivo, pur nelle difficolt\u00e0 economiche che il momento presenta a tutti i livelli istituzionali. Lo stesso esporsi del Presidente della Regione a critiche da parte di molti cittadini all\u2019eventuale uso della card per salvare i Comuni in difficolt\u00e0 \u00e8 un gesto che noi potentini non possiamo che apprezzare. Se nel passato ci fosse stato lo stesso livello di confronto e di interlocuzione forse non saremmo questo punto. Si chiede dunque al Sindaco di attendere l\u2019esito delle azioni intraprese in sede nazionale e, ancor di pi\u00f9, in via definitiva in sede regionale, allorquando all\u2019atto della approvazione dell\u2019assestamento di bilancio entro la fine di luglio sapremo responsabilmente assumere la decisione collegiale che la situazione richieder\u00e0\u201d conclude Falotico.<\/span><\/p>\n<p>\u00a0<\/p>\n","protected":false},"excerpt":{"rendered":"<p>\u201cChi veramente ha a cuore le sorti della citt\u00e0 di Potenza oggi ha un solo modo per dimostrarlo: evitare polemiche e strumentalizzazioni\u00a0 che inquinino il &#8230; <\/p>\n","protected":false},"author":1,"featured_media":0,"comment_status":"closed","ping_status":"closed","sticky":false,"template":"single-sidebar.php","format":"standard","meta":{"footnotes":""},"categories":[384],"tags":[],"class_list":["post-12973","post","type-post","status-publish","format-standard","hentry","category-c243-comunicati-stampa-dei-consiglieri-243"],"_links":{"self":[{"href":"https:\/\/archivio.comune.potenza.it\/index.php?rest_route=\/wp\/v2\/posts\/12973"}],"collection":[{"href":"https:\/\/archivio.comune.potenza.it\/index.php?rest_route=\/wp\/v2\/posts"}],"about":[{"href":"https:\/\/archivio.comune.potenza.it\/index.php?rest_route=\/wp\/v2\/types\/post"}],"author":[{"embeddable":true,"href":"https:\/\/archivio.comune.potenza.it\/index.php?rest_route=\/wp\/v2\/users\/1"}],"replies":[{"embeddable":true,"href":"https:\/\/archivio.comune.potenza.it\/index.php?rest_route=%2Fwp%2Fv2%2Fcomments&post=12973"}],"version-history":[{"count":0,"href":"https:\/\/archivio.comune.potenza.it\/index.php?rest_route=\/wp\/v2\/posts\/12973\/revisions"}],"wp:attachment":[{"href":"https:\/\/archivio.comune.potenza.it\/index.php?rest_route=%2Fwp%2Fv2%2Fmedia&parent=12973"}],"wp:term":[{"taxonomy":"category","embeddable":true,"href":"https:\/\/archivio.comune.potenza.it\/index.php?rest_route=%2Fwp%2Fv2%2Fcategories&post=12973"},{"taxonomy":"post_tag","embeddable":true,"href":"https:\/\/archivio.comune.potenza.it\/index.php?rest_route=%2Fwp%2Fv2%2Ftags&post=12973"}],"curies":[{"name":"wp","href":"https:\/\/api.w.org\/{rel}","templated":true}]}}