{"id":13608,"date":"2015-07-17T15:35:33","date_gmt":"2015-07-17T15:35:33","guid":{"rendered":"http:\/\/archivio.comune.potenza.it\/comune_wp\/?p=13608"},"modified":"2015-07-17T15:40:35","modified_gmt":"2015-07-17T15:40:35","slug":"lucia-sileo-partito-democratico-replica-a-consigliere-morlino","status":"publish","type":"post","link":"https:\/\/archivio.comune.potenza.it\/?p=13608","title":{"rendered":"Lucia Sileo (Partito Democratico): Replica al consigliere Morlino"},"content":{"rendered":"<p style=\"text-align: justify;\"><span style=\"font-size: 12.1599998474121px; line-height: 1.3em; text-align: justify;\">\u201cLeggo con rammarico la nota del capogruppo dei Popolari per l&#8217;Italia Morlino. Intanto \u2013 prosegue in una replica al comunicato del consigliere Morlino la presidente della IV Commissione consiliare permanente Lucia Sileo \u2013 \u00e8 appena il caso di sottolineare che il collega \u00e8 arrivato in chiusura dei lavori della IV Commissione consiliare senza aver direttamente partecipato alla discussione che vi era stata sul tema. Se vi \u00e8 qualcosa di vergognoso e incomprensibile \u00e8 proprio la sua richiesta di dimissioni accompagnata da una indecente aggressione politica e da giudizi irrispettosi per il solo fatto di aver proposto, nell&#8217;ambito delle mie prerogative di consigliere, un ricorso al Tar teso a verificare la legittimit\u00e0 di un atto amministrativo. Siamo giunti al mobbing politico e al clima di caccia alle streghe. \u00c8 evidente che le dimissioni possono legittimamente chiedersi ma necessitano di ben altre motivazioni e procedure. Non mi sfugge che tali atteggiamenti vengono sia da consiglieri della opposizione che da quelli a sostegno dell&#8217;Amministrazione. In merito chieder\u00f2 innanzitutto al mio gruppo consiliare una puntuale valutazione su quanto accaduto. Siamo ben lontani dalla buona politica e dalla buona amministrazione, bisogna stare molto attenti a giustificare ogni posizione con il richiamo, mai tanto abusato, del \u2018bene della citt\u00e0\u2019. In ordine alla ridicola accusa di mio attaccamento alla poltrona invito tutti a una riflessione pi\u00f9 profonda circa il messaggio che si sta trasferendo alla citt\u00e0, sempre pi\u00f9 allo sbando, e sempre pi\u00f9 con i suoi rappresentanti impegnati a tutelare una carica istituzionale anche derogando a principi di coerenza culturale, politica e partitica, se non proprio alle stesse norme legislative. Attendo un ripensamento in termini di comportamenti e, se vi sono incompatibilit\u00e0 sostanziali, le si denuncino nelle sedi opportune\u201d conclude la consigliera del Pd Lucia Sileo.<\/span><\/p>\n","protected":false},"excerpt":{"rendered":"<p>\u201cLeggo con rammarico la nota del capogruppo dei Popolari per l&#8217;Italia Morlino. Intanto \u2013 prosegue in una replica al comunicato del consigliere Morlino la presidente &#8230; <\/p>\n","protected":false},"author":1,"featured_media":0,"comment_status":"closed","ping_status":"closed","sticky":false,"template":"single-sidebar.php","format":"standard","meta":{"footnotes":""},"categories":[384],"tags":[],"class_list":["post-13608","post","type-post","status-publish","format-standard","hentry","category-c243-comunicati-stampa-dei-consiglieri-243"],"_links":{"self":[{"href":"https:\/\/archivio.comune.potenza.it\/index.php?rest_route=\/wp\/v2\/posts\/13608"}],"collection":[{"href":"https:\/\/archivio.comune.potenza.it\/index.php?rest_route=\/wp\/v2\/posts"}],"about":[{"href":"https:\/\/archivio.comune.potenza.it\/index.php?rest_route=\/wp\/v2\/types\/post"}],"author":[{"embeddable":true,"href":"https:\/\/archivio.comune.potenza.it\/index.php?rest_route=\/wp\/v2\/users\/1"}],"replies":[{"embeddable":true,"href":"https:\/\/archivio.comune.potenza.it\/index.php?rest_route=%2Fwp%2Fv2%2Fcomments&post=13608"}],"version-history":[{"count":0,"href":"https:\/\/archivio.comune.potenza.it\/index.php?rest_route=\/wp\/v2\/posts\/13608\/revisions"}],"wp:attachment":[{"href":"https:\/\/archivio.comune.potenza.it\/index.php?rest_route=%2Fwp%2Fv2%2Fmedia&parent=13608"}],"wp:term":[{"taxonomy":"category","embeddable":true,"href":"https:\/\/archivio.comune.potenza.it\/index.php?rest_route=%2Fwp%2Fv2%2Fcategories&post=13608"},{"taxonomy":"post_tag","embeddable":true,"href":"https:\/\/archivio.comune.potenza.it\/index.php?rest_route=%2Fwp%2Fv2%2Ftags&post=13608"}],"curies":[{"name":"wp","href":"https:\/\/api.w.org\/{rel}","templated":true}]}}