{"id":15216,"date":"2016-04-27T13:11:19","date_gmt":"2016-04-27T11:11:19","guid":{"rendered":"http:\/\/archivio.comune.potenza.it\/?p=15216"},"modified":"2016-04-27T13:11:19","modified_gmt":"2016-04-27T11:11:19","slug":"lavori-in-citta-interviene-carretta","status":"publish","type":"post","link":"https:\/\/archivio.comune.potenza.it\/?p=15216","title":{"rendered":"Lavori in citt\u00e0, interviene Carretta"},"content":{"rendered":"<p>12.4.16 \u2013 ore 18,45: \u201cDobbiamo constatare \u2013 sostiene il consigliere del Pd Gianpaolo Carretta \u2013 con rammarico che la citt\u00e0 di Potenza \u00e8 scivolata in questi ultimi due anni in una evidente paralisi amministrativa e in un immobilismo progettuale e politico che ne svilisce\u00a0 il ruolo, ne mortifica le prospettive socio-economiche e occupazionali. In\u00a0 uno dei settori nevralgici della citt\u00e0 come quello della mobilit\u00e0 e della viabilit\u00e0\u00a0 sono fermi o comunque in un gravissimo ritardo alcuni lavori pubblici \u2018strategici\u2019 che paralizzano la citt\u00e0, come il \u2018nodo complesso del Gallitello\u2019, \u2018il sottopasso Ferroviario di via Angilla Vecchia\u2019 \u2018il Finanziamento FSC 2007-2013\u2019 per bypassare i passaggi a livello della citt\u00e0, e i lavori di riqualificazione del ponte di \u2018Montereale\u2019 che darebbero un volto parzialmente nuovo al capoluogo di regione. Tutti progetti e lavori ereditati con i relativi finanziamenti dal centrosinistra e dal \u2018Pd\u2019 e che nonostante andassero esclusivamente ultimati, sono circa due anni dall\u2019insediamento di questa nuova Giunta Comunale, risultano essere in uno stato di gravissimo ritardo, assistiamo a ritardi inaccettabili e a giustificazioni estemporanee, occasionali e deresponsabilizzati. Ci sentiamo umiliati e offesi\u00a0 prima come cittadini ad assistere a questo delirio della citt\u00e0, dovuto a una incapacit\u00e0 a governare procedimenti complessi e che trova la sua origine in una \u2018ideologica dichiarazione di dissesto\u2019 che ha reso Potenza una citt\u00e0 \u2018post bellica\u2019,\u201d conclude Carretta.<\/p>\n","protected":false},"excerpt":{"rendered":"<p>12.4.16 \u2013 ore 18,45: \u201cDobbiamo constatare \u2013 sostiene il consigliere del Pd Gianpaolo Carretta \u2013 con rammarico che la citt\u00e0 di Potenza \u00e8 scivolata in &#8230; <\/p>\n","protected":false},"author":5,"featured_media":0,"comment_status":"closed","ping_status":"closed","sticky":false,"template":"single-sidebar.php","format":"standard","meta":{"footnotes":""},"categories":[384],"tags":[],"class_list":["post-15216","post","type-post","status-publish","format-standard","hentry","category-c243-comunicati-stampa-dei-consiglieri-243"],"_links":{"self":[{"href":"https:\/\/archivio.comune.potenza.it\/index.php?rest_route=\/wp\/v2\/posts\/15216"}],"collection":[{"href":"https:\/\/archivio.comune.potenza.it\/index.php?rest_route=\/wp\/v2\/posts"}],"about":[{"href":"https:\/\/archivio.comune.potenza.it\/index.php?rest_route=\/wp\/v2\/types\/post"}],"author":[{"embeddable":true,"href":"https:\/\/archivio.comune.potenza.it\/index.php?rest_route=\/wp\/v2\/users\/5"}],"replies":[{"embeddable":true,"href":"https:\/\/archivio.comune.potenza.it\/index.php?rest_route=%2Fwp%2Fv2%2Fcomments&post=15216"}],"version-history":[{"count":0,"href":"https:\/\/archivio.comune.potenza.it\/index.php?rest_route=\/wp\/v2\/posts\/15216\/revisions"}],"wp:attachment":[{"href":"https:\/\/archivio.comune.potenza.it\/index.php?rest_route=%2Fwp%2Fv2%2Fmedia&parent=15216"}],"wp:term":[{"taxonomy":"category","embeddable":true,"href":"https:\/\/archivio.comune.potenza.it\/index.php?rest_route=%2Fwp%2Fv2%2Fcategories&post=15216"},{"taxonomy":"post_tag","embeddable":true,"href":"https:\/\/archivio.comune.potenza.it\/index.php?rest_route=%2Fwp%2Fv2%2Ftags&post=15216"}],"curies":[{"name":"wp","href":"https:\/\/api.w.org\/{rel}","templated":true}]}}