{"id":15219,"date":"2016-04-27T13:17:27","date_gmt":"2016-04-27T11:17:27","guid":{"rendered":"http:\/\/archivio.comune.potenza.it\/?p=15219"},"modified":"2016-04-27T13:17:27","modified_gmt":"2016-04-27T11:17:27","slug":"pulizia-della-citta-interviene-carretta","status":"publish","type":"post","link":"https:\/\/archivio.comune.potenza.it\/?p=15219","title":{"rendered":"Pulizia della citt\u00e0, interviene Carretta"},"content":{"rendered":"<p>13.4.16 \u2013 ore 18,35: \u201cLa Citt\u00e0 in questi ultimi due anni \u2013 sostiene il consigliere del Pd Gianpaolo Carretta \u2013 \u00e8 precipitata in un immobilismo amministrativo mortificante. Un capoluogo di regione che pare non avere un progetto politico-amministrativo. Che evidenzia che non vi \u00e8 dibattito\u00a0 sul ruolo della \u2018citt\u00e0\u2019; che non si apre un confronto sullo \u2018sviluppo\u2019 sociale e occupazionale. Un segnale di evidente degrado\u00a0 ne \u00e8 la sua pulizia; Potenza \u00e8 diventata una citt\u00e0 \u2018sporca\u2019,\u00a0 vi \u00e8 un a incapacit\u00e0 a mettere in campo iniziative tese a migliorare il decoro e dopo che il centro sinistra e il Pd avevamo candidato il progetto \u2018Acta-Conai\u2019 con un finanziamento di circa 5,5 milioni di euro, dopo 21 mesi non \u00e8 partita la raccolta differenziata \u2018porta a porta\u2019 (come Capoluogo di Regione siamo ultimi anche in questo!). Uno dei luoghi simbolo di questo degrado \u00e8 diventato il \u2018centro storico\u2019, ove sempre pi\u00f9 spesso vengono abbandonati rifiuti urbani, forse anche pericolosi. Sul punto si \u00e8 presentata rituale interrogazione consiliare per stimolare una soluzione, senza ad oggi aver ricevuto idonea risposta. La citt\u00e0 deve fare un salto di qualit\u00e0 e civilt\u00e0, serve un moto d\u2019orgoglio per liberarci di chi sta mortificando sul piano amministrativo Potenza\u201d conclude Carretta.<\/p>\n<div class=\"attachmentsContainer\"><\/div>\n<div class=\"cmp_buttons_container\"><\/div>\n","protected":false},"excerpt":{"rendered":"<p>13.4.16 \u2013 ore 18,35: \u201cLa Citt\u00e0 in questi ultimi due anni \u2013 sostiene il consigliere del Pd Gianpaolo Carretta \u2013 \u00e8 precipitata in un immobilismo &#8230; <\/p>\n","protected":false},"author":5,"featured_media":0,"comment_status":"closed","ping_status":"closed","sticky":false,"template":"single-sidebar.php","format":"standard","meta":{"footnotes":""},"categories":[384],"tags":[],"class_list":["post-15219","post","type-post","status-publish","format-standard","hentry","category-c243-comunicati-stampa-dei-consiglieri-243"],"_links":{"self":[{"href":"https:\/\/archivio.comune.potenza.it\/index.php?rest_route=\/wp\/v2\/posts\/15219"}],"collection":[{"href":"https:\/\/archivio.comune.potenza.it\/index.php?rest_route=\/wp\/v2\/posts"}],"about":[{"href":"https:\/\/archivio.comune.potenza.it\/index.php?rest_route=\/wp\/v2\/types\/post"}],"author":[{"embeddable":true,"href":"https:\/\/archivio.comune.potenza.it\/index.php?rest_route=\/wp\/v2\/users\/5"}],"replies":[{"embeddable":true,"href":"https:\/\/archivio.comune.potenza.it\/index.php?rest_route=%2Fwp%2Fv2%2Fcomments&post=15219"}],"version-history":[{"count":0,"href":"https:\/\/archivio.comune.potenza.it\/index.php?rest_route=\/wp\/v2\/posts\/15219\/revisions"}],"wp:attachment":[{"href":"https:\/\/archivio.comune.potenza.it\/index.php?rest_route=%2Fwp%2Fv2%2Fmedia&parent=15219"}],"wp:term":[{"taxonomy":"category","embeddable":true,"href":"https:\/\/archivio.comune.potenza.it\/index.php?rest_route=%2Fwp%2Fv2%2Fcategories&post=15219"},{"taxonomy":"post_tag","embeddable":true,"href":"https:\/\/archivio.comune.potenza.it\/index.php?rest_route=%2Fwp%2Fv2%2Ftags&post=15219"}],"curies":[{"name":"wp","href":"https:\/\/api.w.org\/{rel}","templated":true}]}}