{"id":15222,"date":"2016-04-27T13:24:02","date_gmt":"2016-04-27T11:24:02","guid":{"rendered":"http:\/\/archivio.comune.potenza.it\/?p=15222"},"modified":"2016-04-27T13:24:02","modified_gmt":"2016-04-27T11:24:02","slug":"appalti-pubblici-picerno-scrive-al-ministro-alfano","status":"publish","type":"post","link":"https:\/\/archivio.comune.potenza.it\/?p=15222","title":{"rendered":"Appalti pubblici, Picerno scrive al Ministro Alfano"},"content":{"rendered":"<p>14.4.16 \u2013 ore 11: \u201cIl ritardo per l\u2019avvio dei lavori appaltati nella citt\u00e0 di Potenza attraverso i fondi europei 2007-2013, ricollocati da questa Amministrazione per un totale di 26 milioni di euro, \u00e8 evidente. Le gare \u2013 secondo il consigliere comunale Fernando Picerno \u2013 si sono tutte concluse da alcuni mesi, ma i lavori non cominciano pur essendoci le imprese vincitrici pronte, le responsabilit\u00e0 non sono degli uffici comunali, come qualcuno potrebbe credere o pensare, ma piuttosto di un sistema telematico nazionale non ancora del tutto efficiente. In particolare, gli uffici comunali alla stipula del contratto verificano tutte le certificazioni di sicurezza e antimafia dell\u2019impresa vincitrice ma, questo \u00e8 il punto, pur essendo di fronte a un sistema informatizzato che dovrebbe semplificare queste operazioni burocratiche, riguardo la certificazione antimafia vi \u00e8 una sorta di corto circuito. In pratica \u2013 spiega Picerno \u2013 le Prefetture non sono ancora in rete con il sistema AvcPass e quindi il sistema non risponde alla richiesta della certificazione antimafia. Gli uffici quindi sono costretti a interloquire con le Prefetture per via cartacea allungando enormemente i tempi di assegnazione dei lavori. Sono certo \u2013 conclude il consigliere Picerno \u2013 che il Ministro degli Interni vorr\u00e0 al pi\u00f9 presto raffinare questo sistema telematico per velocizzare queste pratiche e per questa ragione scriver\u00f2 una lettera che informer\u00e0 il Ministro di questi problemi, comuni, del resto, a tutto il Paese. La nostra citt\u00e0 attende da tempo questi lavori che in qualche modo potranno dare una risposta concreta sia all\u2019economia interna che alle esigenze reali dei cittadini che si ritroveranno con delle strutture cittadine migliorate\u201d.<\/p>\n","protected":false},"excerpt":{"rendered":"<p>14.4.16 \u2013 ore 11: \u201cIl ritardo per l\u2019avvio dei lavori appaltati nella citt\u00e0 di Potenza attraverso i fondi europei 2007-2013, ricollocati da questa Amministrazione per &#8230; <\/p>\n","protected":false},"author":5,"featured_media":0,"comment_status":"closed","ping_status":"closed","sticky":false,"template":"single-sidebar.php","format":"standard","meta":{"footnotes":""},"categories":[384],"tags":[],"class_list":["post-15222","post","type-post","status-publish","format-standard","hentry","category-c243-comunicati-stampa-dei-consiglieri-243"],"_links":{"self":[{"href":"https:\/\/archivio.comune.potenza.it\/index.php?rest_route=\/wp\/v2\/posts\/15222"}],"collection":[{"href":"https:\/\/archivio.comune.potenza.it\/index.php?rest_route=\/wp\/v2\/posts"}],"about":[{"href":"https:\/\/archivio.comune.potenza.it\/index.php?rest_route=\/wp\/v2\/types\/post"}],"author":[{"embeddable":true,"href":"https:\/\/archivio.comune.potenza.it\/index.php?rest_route=\/wp\/v2\/users\/5"}],"replies":[{"embeddable":true,"href":"https:\/\/archivio.comune.potenza.it\/index.php?rest_route=%2Fwp%2Fv2%2Fcomments&post=15222"}],"version-history":[{"count":0,"href":"https:\/\/archivio.comune.potenza.it\/index.php?rest_route=\/wp\/v2\/posts\/15222\/revisions"}],"wp:attachment":[{"href":"https:\/\/archivio.comune.potenza.it\/index.php?rest_route=%2Fwp%2Fv2%2Fmedia&parent=15222"}],"wp:term":[{"taxonomy":"category","embeddable":true,"href":"https:\/\/archivio.comune.potenza.it\/index.php?rest_route=%2Fwp%2Fv2%2Fcategories&post=15222"},{"taxonomy":"post_tag","embeddable":true,"href":"https:\/\/archivio.comune.potenza.it\/index.php?rest_route=%2Fwp%2Fv2%2Ftags&post=15222"}],"curies":[{"name":"wp","href":"https:\/\/api.w.org\/{rel}","templated":true}]}}