{"id":15227,"date":"2016-04-27T13:34:09","date_gmt":"2016-04-27T11:34:09","guid":{"rendered":"http:\/\/archivio.comune.potenza.it\/?p=15227"},"modified":"2016-04-27T13:34:09","modified_gmt":"2016-04-27T11:34:09","slug":"sopralluogo-terza-commissione-al-palazzo-ex-regione-di-largo-azzara","status":"publish","type":"post","link":"https:\/\/archivio.comune.potenza.it\/?p=15227","title":{"rendered":"Sopralluogo terza Commissione al palazzo ex Regione di largo Azzar\u00e0"},"content":{"rendered":"<p>15.4.16 \u2013 ore 14,20: \u201cRiteniamo che sia non solo auspicabile, ma realizzabile concretamente il trasferimento degli uffici comunali, al momento ospitati nella struttura di Sant\u2019Antonio la Macchia, presso l\u2019immobile che nel recente passato era occupato dagli uffici regionali dell\u2019Inps\u201d. Questo quanto affermato dal presidente della terza Commissione consiliare permanete Vincenzo Telesca al termine del sopralluogo condotto con gli altri membri dell\u2019organo consiliare nella struttura di largo Carmelo Azzar\u00e0. Con loro il presidente del Consiglio comunale Luigi Petrone e tecnici dell\u2019Ater. E\u2019 stato appurato come l\u2019immobile costituito da 70 stanze e 300 metri quadrati di garage sia utilizzabile da subito, visto l\u2019ottimo stato di conservazione. \u201cL\u2019Ater ci ha manifestato la disponibilit\u00e0 a una cessione in permuta dell\u2019edificio. Una tale operazione avrebbe molteplici risvolti positivi, tra gli altri, l\u2019avvicinamento degli uffici municipali alle sedi Istituzionali, il rendere pi\u00f9 agevole il funzionamento della macchina amministrativa, l\u2019eliminazione di un fitto passivo. Fondamentale \u2013 conclude Telesca \u2013 sarebbe l\u2019opportunit\u00e0 di favorire il ritorno di uffici e quindi servizi in centro, cosa che rivitalizzerebbe, anche per quanto attiene al commercio, la parte antica della nostra citt\u00e0, da troppo tempo abbandonata a se stessa e vittima di un progressivo spopolamento e sempre pi\u00f9 spesso di vandali e incivilt\u00e0\u201d.<\/p>\n","protected":false},"excerpt":{"rendered":"<p>15.4.16 \u2013 ore 14,20: \u201cRiteniamo che sia non solo auspicabile, ma realizzabile concretamente il trasferimento degli uffici comunali, al momento ospitati nella struttura di Sant\u2019Antonio &#8230; <\/p>\n","protected":false},"author":5,"featured_media":0,"comment_status":"closed","ping_status":"closed","sticky":false,"template":"single-sidebar.php","format":"standard","meta":{"footnotes":""},"categories":[384],"tags":[],"class_list":["post-15227","post","type-post","status-publish","format-standard","hentry","category-c243-comunicati-stampa-dei-consiglieri-243"],"_links":{"self":[{"href":"https:\/\/archivio.comune.potenza.it\/index.php?rest_route=\/wp\/v2\/posts\/15227"}],"collection":[{"href":"https:\/\/archivio.comune.potenza.it\/index.php?rest_route=\/wp\/v2\/posts"}],"about":[{"href":"https:\/\/archivio.comune.potenza.it\/index.php?rest_route=\/wp\/v2\/types\/post"}],"author":[{"embeddable":true,"href":"https:\/\/archivio.comune.potenza.it\/index.php?rest_route=\/wp\/v2\/users\/5"}],"replies":[{"embeddable":true,"href":"https:\/\/archivio.comune.potenza.it\/index.php?rest_route=%2Fwp%2Fv2%2Fcomments&post=15227"}],"version-history":[{"count":0,"href":"https:\/\/archivio.comune.potenza.it\/index.php?rest_route=\/wp\/v2\/posts\/15227\/revisions"}],"wp:attachment":[{"href":"https:\/\/archivio.comune.potenza.it\/index.php?rest_route=%2Fwp%2Fv2%2Fmedia&parent=15227"}],"wp:term":[{"taxonomy":"category","embeddable":true,"href":"https:\/\/archivio.comune.potenza.it\/index.php?rest_route=%2Fwp%2Fv2%2Fcategories&post=15227"},{"taxonomy":"post_tag","embeddable":true,"href":"https:\/\/archivio.comune.potenza.it\/index.php?rest_route=%2Fwp%2Fv2%2Ftags&post=15227"}],"curies":[{"name":"wp","href":"https:\/\/api.w.org\/{rel}","templated":true}]}}