{"id":15236,"date":"2016-04-27T13:48:24","date_gmt":"2016-04-27T11:48:24","guid":{"rendered":"http:\/\/archivio.comune.potenza.it\/?p=15236"},"modified":"2016-04-27T13:48:24","modified_gmt":"2016-04-27T11:48:24","slug":"trasporto-pubblico-intervento-di-campagna","status":"publish","type":"post","link":"https:\/\/archivio.comune.potenza.it\/?p=15236","title":{"rendered":"Trasporto pubblico, intervento di Campagna"},"content":{"rendered":"<p>20.4.16 \u2013 ore 11,40: \u201cE&#8217; del tutto omertoso l&#8217;atteggiamento dell&#8217;Amministrazione comunale sulla questione del trasporto pubblico della Citt\u00e0\u201d questo \u00e8 quanto affermato in Commissione consiliare dal capogruppo del Centro democratico, Pietro Campagna. \u201cA oltre quattro mesi dalla stipula del contratto di affidamento del servizio all&#8217;unica ditta partecipante alla procedura di gara\u00a0 \u2013 prosegue il consigliere Campagna \u2013 \u00e8 ancora \u2018segretata\u2019 l&#8217;offerta tecnica allegata al contratto stesso, nonostante sia stato, infruttuosamente, richiesto anche l&#8217;intervento del signor Prefetto, per cui non sono tuttora note, finanche ai consiglieri comunali, le modalit\u00e0 tecnico &#8211; operative di espletamento dello stesso servizio. \u00a0\u00a0\u00a0\u00a0\u00a0\u00a0\u00a0\u00a0\u00a0 Ma, al di l\u00e0 di queste considerazioni, \u00a0che ineriscono pi\u00f9 alla trasparenza dell&#8217;azione amministrativa che alla sostanza delle questioni, ben pi\u00f9 gravi sono le ombre, che si allungano sulla stessa legittimit\u00e0 della procedura di gara, come riportate anche da alcuni organi di stampa. La mancata acquisizione della certificazione antimafia, la modifica dell&#8217;offerta economica prodotta dalla ditta in sede di gara e, ancor pi\u00f9, la presentazione di una polizza fideiussoria a titolo di cauzione definitiva, emessa da una societ\u00e0 non abilitata, cos\u00ec come eccepito dalla stessa Autorit\u00e0 Nazionale Anticorruzione, impongono che il Sindaco e l&#8217;assessore Bellettieri facciamo una buona volta chiarezza sull&#8217;intera questione. \u00a0\u00a0\u00a0\u00a0\u00a0\u00a0\u00a0\u00a0 \u00c8 un atto dovuto nei confronti della citt\u00e0 e del Consiglio comunale, specialmente dopo che sul \u2018sistema trasporti\u2019 sono stati utilizzati termini e operato con arditi accostamenti a fenomeni che certamente non appartengono alla cultura amministrativa cittadina. Nel merito \u2013 conclude Campagna \u00ad\u2013 si continua a rinviare sine die la risoluzione delle innumerevoli deficienze di un piano di esercizio assolutamente inadeguato alle esigenze di mobilit\u00e0 della citt\u00e0 capoluogo, nel mentre, la ditta concessionaria, contrariamente agli impegni formalmente assunti in sede di gara e contrattualmente ribaditi, prosegue con il subaffidamento ad altri operatori di parte del servizio stesso\u201d.<\/p>\n","protected":false},"excerpt":{"rendered":"<p>20.4.16 \u2013 ore 11,40: \u201cE&#8217; del tutto omertoso l&#8217;atteggiamento dell&#8217;Amministrazione comunale sulla questione del trasporto pubblico della Citt\u00e0\u201d questo \u00e8 quanto affermato in Commissione consiliare &#8230; <\/p>\n","protected":false},"author":5,"featured_media":0,"comment_status":"closed","ping_status":"closed","sticky":false,"template":"single-sidebar.php","format":"standard","meta":{"footnotes":""},"categories":[384],"tags":[],"class_list":["post-15236","post","type-post","status-publish","format-standard","hentry","category-c243-comunicati-stampa-dei-consiglieri-243"],"_links":{"self":[{"href":"https:\/\/archivio.comune.potenza.it\/index.php?rest_route=\/wp\/v2\/posts\/15236"}],"collection":[{"href":"https:\/\/archivio.comune.potenza.it\/index.php?rest_route=\/wp\/v2\/posts"}],"about":[{"href":"https:\/\/archivio.comune.potenza.it\/index.php?rest_route=\/wp\/v2\/types\/post"}],"author":[{"embeddable":true,"href":"https:\/\/archivio.comune.potenza.it\/index.php?rest_route=\/wp\/v2\/users\/5"}],"replies":[{"embeddable":true,"href":"https:\/\/archivio.comune.potenza.it\/index.php?rest_route=%2Fwp%2Fv2%2Fcomments&post=15236"}],"version-history":[{"count":0,"href":"https:\/\/archivio.comune.potenza.it\/index.php?rest_route=\/wp\/v2\/posts\/15236\/revisions"}],"wp:attachment":[{"href":"https:\/\/archivio.comune.potenza.it\/index.php?rest_route=%2Fwp%2Fv2%2Fmedia&parent=15236"}],"wp:term":[{"taxonomy":"category","embeddable":true,"href":"https:\/\/archivio.comune.potenza.it\/index.php?rest_route=%2Fwp%2Fv2%2Fcategories&post=15236"},{"taxonomy":"post_tag","embeddable":true,"href":"https:\/\/archivio.comune.potenza.it\/index.php?rest_route=%2Fwp%2Fv2%2Ftags&post=15236"}],"curies":[{"name":"wp","href":"https:\/\/api.w.org\/{rel}","templated":true}]}}