{"id":15339,"date":"2016-04-28T17:18:12","date_gmt":"2016-04-28T15:18:12","guid":{"rendered":"http:\/\/archivio.comune.potenza.it\/?p=15339"},"modified":"2016-04-28T17:18:12","modified_gmt":"2016-04-28T15:18:12","slug":"parchi-e-manutenzione-verde-pubblico-nota-di-giuzio","status":"publish","type":"post","link":"https:\/\/archivio.comune.potenza.it\/?p=15339","title":{"rendered":"Parchi e manutenzione verde pubblico, nota di Giuzio"},"content":{"rendered":"<p>28.4.16 \u2013 ore 17,05: Prosegue il tour sui territori del consigliere comunale di Fratelli D&#8217;Italia Giuseppe Giuzio, dopo Macchia Romana \u00e8 toccato al rione di Poggio Tre Galli. Nella passeggiata nel \u2018Parco dell&#8217;Europa Unita\u2019 con cittadini e rappresentanti di alcune associazioni del luogo \u201csi \u00e8 potuto constatare lo stato in cui versa il parco, con la presenza di erbacce e le due fontane ormai abbandonate con acqua stagnante e la presenza di girini e zanzare. Vari i problemi evidenziati: della viabilit\u00e0, alla mancanza di locali idonei da destinare alle associazioni che operano sul territorio sino degrado in cui versa in piazza Don Pinuccio Lattuchella\u201d. Giuzio ha fatto anche presente che il Consiglio comunque ha gi\u00e0 stanziato dei fondi per il rione in particolar modo per il rifacimento dell&#8217;aria giochi e per la ristrutturazione dei due campetti da tennis e quello di bocce, nonch\u00e9 che \u00e8 stata approvata una mozione che consentir\u00e0 il doppio senso di circolazione in Anzio. Si \u00e8 deciso, in conclusione della passeggiata, di organizzare, in collaborazione con l&#8217;Amministrazione comunale, una giornata di sensibilizzazione alla cura del verde da realizzare nel mese di maggio\u201d.<\/p>\n","protected":false},"excerpt":{"rendered":"<p>28.4.16 \u2013 ore 17,05: Prosegue il tour sui territori del consigliere comunale di Fratelli D&#8217;Italia Giuseppe Giuzio, dopo Macchia Romana \u00e8 toccato al rione di &#8230; <\/p>\n","protected":false},"author":3,"featured_media":0,"comment_status":"closed","ping_status":"closed","sticky":false,"template":"single-sidebar.php","format":"standard","meta":{"footnotes":""},"categories":[384],"tags":[],"class_list":["post-15339","post","type-post","status-publish","format-standard","hentry","category-c243-comunicati-stampa-dei-consiglieri-243"],"_links":{"self":[{"href":"https:\/\/archivio.comune.potenza.it\/index.php?rest_route=\/wp\/v2\/posts\/15339"}],"collection":[{"href":"https:\/\/archivio.comune.potenza.it\/index.php?rest_route=\/wp\/v2\/posts"}],"about":[{"href":"https:\/\/archivio.comune.potenza.it\/index.php?rest_route=\/wp\/v2\/types\/post"}],"author":[{"embeddable":true,"href":"https:\/\/archivio.comune.potenza.it\/index.php?rest_route=\/wp\/v2\/users\/3"}],"replies":[{"embeddable":true,"href":"https:\/\/archivio.comune.potenza.it\/index.php?rest_route=%2Fwp%2Fv2%2Fcomments&post=15339"}],"version-history":[{"count":0,"href":"https:\/\/archivio.comune.potenza.it\/index.php?rest_route=\/wp\/v2\/posts\/15339\/revisions"}],"wp:attachment":[{"href":"https:\/\/archivio.comune.potenza.it\/index.php?rest_route=%2Fwp%2Fv2%2Fmedia&parent=15339"}],"wp:term":[{"taxonomy":"category","embeddable":true,"href":"https:\/\/archivio.comune.potenza.it\/index.php?rest_route=%2Fwp%2Fv2%2Fcategories&post=15339"},{"taxonomy":"post_tag","embeddable":true,"href":"https:\/\/archivio.comune.potenza.it\/index.php?rest_route=%2Fwp%2Fv2%2Ftags&post=15339"}],"curies":[{"name":"wp","href":"https:\/\/api.w.org\/{rel}","templated":true}]}}