{"id":15428,"date":"2016-05-03T12:40:55","date_gmt":"2016-05-03T10:40:55","guid":{"rendered":"http:\/\/archivio.comune.potenza.it\/?p=15428"},"modified":"2016-05-03T12:40:55","modified_gmt":"2016-05-03T10:40:55","slug":"possibili-assunzioni-acta-interviene-giuzio","status":"publish","type":"post","link":"https:\/\/archivio.comune.potenza.it\/?p=15428","title":{"rendered":"Possibili assunzioni Acta, interviene Giuzio"},"content":{"rendered":"<p>3.5.16 \u2013 ore 9,45: \u201cAncora una volta intervengo in merito a possibili nuovi assunzioni presso la partecipata del Comune di Potenza Acta, per evidenziare che ogni eventuale futura assunzione deve passare attraverso pubbliche selezioni, per consentire ai pi\u00f9 meritevoli di poter essere scelti, cos\u00ec come previsto dalla nostra carta costituzionale\u201d. Ad affermarlo il consigliere dei Fratelli d\u2019Italia, Giuseppe Giuzio. \u201cNell\u2019ultimo Consiglio comunale il sindaco De Luca, ancora una volta, \u2013 prosegue Giuzio \u2013 ha balenato l&#8217;ipotesi che gli ex lavoratori Facility possano essere integrati in qualche modo nel processo per la raccolta differenziata. Si vuole superare l&#8217;emergenza lavorativa assumendo senza concorsi o affidando all&#8217;esterno alcuni servizi relativi allo spazzamento o alla raccolta differenziata bypassando ancora una volta il criterio pi\u00f9 trasparente quello delle pubbliche selezioni. Il problema dei lavoratori della societ\u00e0 Facility, ora senza lavoro a cui va tutta la mia solidariet\u00e0, va superata attraverso una ricontrattazione dell&#8217;appalto relativo ai servizi di manutenzione, sorveglianza e pulizie. Quindi esprimo la mia pi\u00f9 assoluta contrariet\u00e0 a quanto affermato dal Sindaco in merito alla possibile integrazione di questi lavoratori, senza concorso, nel ciclo della raccolta differenziata o in attivit\u00e0 affini. Tra l&#8217;altro &#8211; conoscendo l&#8217;attuale situazione di dissesto del Comune di Potenza e l&#8217;impossibilit\u00e0 che la stessa partecipata ACTA possa assumere nuove maestranze &#8211; sembra quasi che quanto detto dal Sindaco sia pi\u00f9 uno spot elettorale che una reale possibilit\u00e0\u201d conclude il consigliere.<\/p>\n","protected":false},"excerpt":{"rendered":"<p>3.5.16 \u2013 ore 9,45: \u201cAncora una volta intervengo in merito a possibili nuovi assunzioni presso la partecipata del Comune di Potenza Acta, per evidenziare che &#8230; <\/p>\n","protected":false},"author":3,"featured_media":0,"comment_status":"closed","ping_status":"closed","sticky":false,"template":"single-sidebar.php","format":"standard","meta":{"footnotes":""},"categories":[384],"tags":[],"class_list":["post-15428","post","type-post","status-publish","format-standard","hentry","category-c243-comunicati-stampa-dei-consiglieri-243"],"_links":{"self":[{"href":"https:\/\/archivio.comune.potenza.it\/index.php?rest_route=\/wp\/v2\/posts\/15428"}],"collection":[{"href":"https:\/\/archivio.comune.potenza.it\/index.php?rest_route=\/wp\/v2\/posts"}],"about":[{"href":"https:\/\/archivio.comune.potenza.it\/index.php?rest_route=\/wp\/v2\/types\/post"}],"author":[{"embeddable":true,"href":"https:\/\/archivio.comune.potenza.it\/index.php?rest_route=\/wp\/v2\/users\/3"}],"replies":[{"embeddable":true,"href":"https:\/\/archivio.comune.potenza.it\/index.php?rest_route=%2Fwp%2Fv2%2Fcomments&post=15428"}],"version-history":[{"count":0,"href":"https:\/\/archivio.comune.potenza.it\/index.php?rest_route=\/wp\/v2\/posts\/15428\/revisions"}],"wp:attachment":[{"href":"https:\/\/archivio.comune.potenza.it\/index.php?rest_route=%2Fwp%2Fv2%2Fmedia&parent=15428"}],"wp:term":[{"taxonomy":"category","embeddable":true,"href":"https:\/\/archivio.comune.potenza.it\/index.php?rest_route=%2Fwp%2Fv2%2Fcategories&post=15428"},{"taxonomy":"post_tag","embeddable":true,"href":"https:\/\/archivio.comune.potenza.it\/index.php?rest_route=%2Fwp%2Fv2%2Ftags&post=15428"}],"curies":[{"name":"wp","href":"https:\/\/api.w.org\/{rel}","templated":true}]}}