{"id":15483,"date":"2016-05-03T19:21:01","date_gmt":"2016-05-03T17:21:01","guid":{"rendered":"http:\/\/archivio.comune.potenza.it\/?p=15483"},"modified":"2016-05-03T19:21:01","modified_gmt":"2016-05-03T17:21:01","slug":"ruolo-capoluogo-di-regione-nota-di-giannizzari","status":"publish","type":"post","link":"https:\/\/archivio.comune.potenza.it\/?p=15483","title":{"rendered":"Ruolo capoluogo di regione, nota di Giannizzari"},"content":{"rendered":"<p>3.5.16 \u2013 ore 19,15: \u201cSono diverse le domande che mi pongo e propongo quale capogruppo del Movimento 5 stelle al Comune di Potenza sul ruolo della citt\u00e0 capoluogo di regione. Lo spunto deriva \u2013 prosegue il presidente del gruppo consiliare M5S, Savino Giannizzari \u2013 da un brutto sentore che, se fosse necessario, ha avuto ulteriori spunti di riflessione in occasione della visita del presidente del Consiglio di ieri a Matera, per la firma del patto per la Basilicata. C&#8217;\u00e8 un sentimento in citt\u00e0 che appare sottaciuto ma che aleggia ed \u00e8 abbastanza preoccupante. Qualche segnale lo si \u00e8 avuto gi\u00e0 durante i festeggiamenti di capodanno a Matera trasmessi da Rai Uno. Laddove si \u00e8 parlato pi\u00f9 volte della Basilicata ma senza mai citare che ha un capoluogo. La gestione Pittella sembra sia indirizzata a smembrare quel tessuto che ha dato il ruolo che la citt\u00e0 ricopre da 200 anni. Questo non significa che \u00e8 sempre meritevole o perfetto, o che \u201cl&#8217;antagonista\u201d Matera non meriti di rivestire il ruolo che le compete. Una citt\u00e0, quella della Murgia, che sta fortunatamente portando tutta la Basilicata alla ribalta e la sta facendo conoscere nel mondo intero. Infatti il tema \u00e8 pi\u00f9 interno alla citt\u00e0 capoluogo di regione e alla politica regionale che da ormai troppi anni la fa da padrona con quel Pd di Pittella che, anche se si tratta di questioni strettamente regionali, preferisce andare a siglare gli accordi fuori le istituzioni deputate. Infatti, non \u00e8 chiaro ai pi\u00f9 la scelta di siglare il patto fuori Potenza. Sar\u00e0 perch\u00e9 nel capoluogo l&#8217;anti Renzi &#8220;Roberto Speranza&#8221; \u00e8 pi\u00f9 radicato e la citt\u00e0 non \u00e8 a favore del sosia di \u201cMr Beann\u201d. La conferma la si \u00e8 avuta nelle urne del referendum sulle concessioni per le estrazioni di idrocarburi in mare. La maggioranza dei potentini ha detto no alla scelta del governo. Ma anche Matera ha detto no. E sia a Matera che a Potenza vi sono amministrazioni di destra che hanno scalzato quelle del Pd. Allora continuano a domandarci: perch\u00e9 il Patto per la Basilicata \u00e8 stato firmato in un teatro, per altro zeppo di fan e nel quale il sindaco di Potenza Dario DeLuca \u00e8 apparso confinato o forse autorelegato in un angolo, e non nella sede della regione? Forse perch\u00e9 inconsciamente si \u00e8 voluto confermare che questo patto \u00e8 appunto un colpo di teatro al quale ci stanno ormai abituando gli uomini renziani. A partire da Marcello Pittella, renziano di ferro insieme al fratello Gianni. Forse, in conclusione, si pu\u00f2 dire che se di demerito nel ricoprire malamente il ruolo di capoluogo di regione si tratta, questo va attestato all&#8217;attuale Amministrazione che probabilmente non ha la \u201cstoffa\u201d necessaria per dare a pieno il senso del ruolo che Potenza deve rivestire come traino della regione intera\u201d conclude Giannizzari.<\/p>\n","protected":false},"excerpt":{"rendered":"<p>3.5.16 \u2013 ore 19,15: \u201cSono diverse le domande che mi pongo e propongo quale capogruppo del Movimento 5 stelle al Comune di Potenza sul ruolo &#8230; <\/p>\n","protected":false},"author":3,"featured_media":0,"comment_status":"closed","ping_status":"closed","sticky":false,"template":"single-sidebar.php","format":"standard","meta":{"footnotes":""},"categories":[384],"tags":[],"class_list":["post-15483","post","type-post","status-publish","format-standard","hentry","category-c243-comunicati-stampa-dei-consiglieri-243"],"_links":{"self":[{"href":"https:\/\/archivio.comune.potenza.it\/index.php?rest_route=\/wp\/v2\/posts\/15483"}],"collection":[{"href":"https:\/\/archivio.comune.potenza.it\/index.php?rest_route=\/wp\/v2\/posts"}],"about":[{"href":"https:\/\/archivio.comune.potenza.it\/index.php?rest_route=\/wp\/v2\/types\/post"}],"author":[{"embeddable":true,"href":"https:\/\/archivio.comune.potenza.it\/index.php?rest_route=\/wp\/v2\/users\/3"}],"replies":[{"embeddable":true,"href":"https:\/\/archivio.comune.potenza.it\/index.php?rest_route=%2Fwp%2Fv2%2Fcomments&post=15483"}],"version-history":[{"count":0,"href":"https:\/\/archivio.comune.potenza.it\/index.php?rest_route=\/wp\/v2\/posts\/15483\/revisions"}],"wp:attachment":[{"href":"https:\/\/archivio.comune.potenza.it\/index.php?rest_route=%2Fwp%2Fv2%2Fmedia&parent=15483"}],"wp:term":[{"taxonomy":"category","embeddable":true,"href":"https:\/\/archivio.comune.potenza.it\/index.php?rest_route=%2Fwp%2Fv2%2Fcategories&post=15483"},{"taxonomy":"post_tag","embeddable":true,"href":"https:\/\/archivio.comune.potenza.it\/index.php?rest_route=%2Fwp%2Fv2%2Ftags&post=15483"}],"curies":[{"name":"wp","href":"https:\/\/api.w.org\/{rel}","templated":true}]}}