{"id":15606,"date":"2016-05-09T11:43:15","date_gmt":"2016-05-09T09:43:15","guid":{"rendered":"http:\/\/archivio.comune.potenza.it\/?p=15606"},"modified":"2016-05-09T11:43:15","modified_gmt":"2016-05-09T09:43:15","slug":"votazione-bilancio-consuntivo-2014-nota-di-vigilante","status":"publish","type":"post","link":"https:\/\/archivio.comune.potenza.it\/?p=15606","title":{"rendered":"Votazione Bilancio consuntivo 2014, nota di Vigilante"},"content":{"rendered":"<p>\u201cIn relazione alla votazione del bilancio consuntivo 2014 del 6 maggio, alla quale il sottoscritto non \u00e8 stato presente, mi giungono voci che vedrebbero, nella mia assenza, una manovra diretta a stemperare i contrasti nei riguardi della giunta comunale. Dunque, \u2013 prosegue il capogruppo di Lista civica, Antonio Vigilante \u2013 posso tranquillizzare coloro che hanno creduto di vedere in un banale impedimento familiare (peraltro ampiamente noto) una tregua politica. Lo ripetiamo per l&#8217;ennesima volta: noi voteremo insieme al Sindaco solo se vedremo un cambio di passo nell&#8217;azione amministrativa, che \u00e8 ferma ancora, dopo due anni, alla spartizione delle poltrone mentre la citt\u00e0 \u00e8 sempre pi\u00f9 abbandonata e ingovernabile. Il decoro urbano, cavallo di battaglia del primo cittadino fino all&#8217;8 giugno 2014, \u00e8 sparito dall&#8217;agenda politica: il verde cittadino \u00e8 semplicemente vergognoso, il centro storico \u00e8 fermo al degrado del 2013, non sono mai state istituite le famose \u2018squadre\u2019 per i piccoli lavori di manutenzione e riparazione, la nettezza urbana \u00e8 ancora l\u00ec dove l&#8217;aveva lasciata l&#8217;ultimo Santarsiero. La moralizzazione della macchina amministrativa, altro cavallo di battaglia del Sindaco fino a quando faceva i comizi elettorali, \u00e8 un fantasma di cui nessuno vuole pi\u00f9 parlare: la riforma dell&#8217;Acta non sembra proprio all&#8217;orizzonte, evidentemente bloccata dai veti dei nuovi alleati; le gare d&#8217;appalto, come emerso con evidenza gi\u00e0 in diversi casi, ancora presentano quella mancanza di trasparenza e quei conflitti di interesse che lo stesso De Luca, prima di indossare la fascia da Sindaco, denunciava nella gestione Santarsiero: basti considerare l&#8217;incarico di affidamento diretto per l&#8217;illuminazione a led (appalto che, per dire, oggi non supererebbe l&#8217;esame dell&#8217;Autorit\u00e0 Anticorruzione) e l&#8217;appalto assegnato alla ditta in cui lavora un consigliere comunale dei Popolari Uniti. Per non parlare delle assegnazioni di alloggi popolari, che ancora si tenta di fare senza bandi pubblici e con criteri che definire opachi \u00e8 poco, e della presa in giro &#8211; gravissima &#8211; dei lavoratori della ditta Facility, che il Comune rischia di mandare sul lastrico pur di evitare una nuova gara d&#8217;appalto. Discorso a parte per Bucaletto e le contrade. Erano state il vessillo della campagna elettorale, una battaglia fortemente voluta da noi giovani sin dall&#8217;inizio e nella quale avevamo creduto con tutto il cuore. Bucaletto \u00e8 abbandonata, in preda al dilettantismo di una intera classe di amministratori che non conosce i problemi del rione, non ha alcun interesse a trovare soluzioni di lungo periodo e che, evidentemente, considera gli abitanti come cittadini di serie B, buoni solo a vendere pacchetti di voti in caso di bisogno. Le contrade sono lasciate a s\u00e9 stesse, e il Sindaco, purtroppo molto votato in periferia, non ne vuole parlare pi\u00f9. L&#8217;attuale giunta, oltre ad andare in giro a tagliare nastri, dovrebbe spiegare qual \u00e8 il programma per realizzare il celeberrimo \u2018bene della citt\u00e0\u2019. Finora si \u00e8 visto solo il bene di alcune carriere politiche\u201d conclude Vigilante.<\/p>\n","protected":false},"excerpt":{"rendered":"<p>\u201cIn relazione alla votazione del bilancio consuntivo 2014 del 6 maggio, alla quale il sottoscritto non \u00e8 stato presente, mi giungono voci che vedrebbero, nella &#8230; <\/p>\n","protected":false},"author":3,"featured_media":0,"comment_status":"closed","ping_status":"closed","sticky":false,"template":"single-sidebar.php","format":"standard","meta":{"footnotes":""},"categories":[384],"tags":[],"class_list":["post-15606","post","type-post","status-publish","format-standard","hentry","category-c243-comunicati-stampa-dei-consiglieri-243"],"_links":{"self":[{"href":"https:\/\/archivio.comune.potenza.it\/index.php?rest_route=\/wp\/v2\/posts\/15606"}],"collection":[{"href":"https:\/\/archivio.comune.potenza.it\/index.php?rest_route=\/wp\/v2\/posts"}],"about":[{"href":"https:\/\/archivio.comune.potenza.it\/index.php?rest_route=\/wp\/v2\/types\/post"}],"author":[{"embeddable":true,"href":"https:\/\/archivio.comune.potenza.it\/index.php?rest_route=\/wp\/v2\/users\/3"}],"replies":[{"embeddable":true,"href":"https:\/\/archivio.comune.potenza.it\/index.php?rest_route=%2Fwp%2Fv2%2Fcomments&post=15606"}],"version-history":[{"count":0,"href":"https:\/\/archivio.comune.potenza.it\/index.php?rest_route=\/wp\/v2\/posts\/15606\/revisions"}],"wp:attachment":[{"href":"https:\/\/archivio.comune.potenza.it\/index.php?rest_route=%2Fwp%2Fv2%2Fmedia&parent=15606"}],"wp:term":[{"taxonomy":"category","embeddable":true,"href":"https:\/\/archivio.comune.potenza.it\/index.php?rest_route=%2Fwp%2Fv2%2Fcategories&post=15606"},{"taxonomy":"post_tag","embeddable":true,"href":"https:\/\/archivio.comune.potenza.it\/index.php?rest_route=%2Fwp%2Fv2%2Ftags&post=15606"}],"curies":[{"name":"wp","href":"https:\/\/api.w.org\/{rel}","templated":true}]}}