{"id":15804,"date":"2016-05-16T13:20:05","date_gmt":"2016-05-16T11:20:05","guid":{"rendered":"http:\/\/archivio.comune.potenza.it\/?p=15804"},"modified":"2016-05-16T13:27:34","modified_gmt":"2016-05-16T11:27:34","slug":"variante-progetto-zona-verderuolo-inferiore-nota-di-vigilante","status":"publish","type":"post","link":"https:\/\/archivio.comune.potenza.it\/?p=15804","title":{"rendered":"Variante progetto zona Verderuolo inferiore, nota di Vigilante"},"content":{"rendered":"<p>17.5.16 \u2013 ore 12,55: \u201cNon sar\u00e0 un caso &#8211; e i cittadini devono saperlo &#8211; che dopo due anni di tregua la citt\u00e0 verr\u00e0 nuovamente invasa da altro cemento. \u00c8 un fatto innegabile che, con i nuovi amministratori targati Pd, appena insediati dal sindaco De Luca, \u00e8 ripresa la festa per i palazzinari potentini. La variante al progetto plano volumetrico della Zona F12 Verderuolo Inferiore (zona Fondavalle) prevede \u2013 spiega il capogruppo di Lista civica al Comune di Potenza, Antonio Vigilante \u2013 l&#8217;edificazione di strutture commerciali, direzionali e abitative per circa 30.000 metri quadri. La citt\u00e0 ha bisogno di altro cemento? In una citt\u00e0 dove aumentano in maniera preoccupante i locali sfitti e invenduti, dove il centro va morendo e dopo il flop dell&#8217;espansione di Gallitello, in piena contrazione economica e demografica, dobbiamo constatare che si cementificano spazi verdi, si congestiona un&#8217;arteria fondamentale come viale dell&#8217;Unicef, si continua a degradare il territorio e il tessuto urbano, autorizzando politiche pedestri di speculazione urbanistica a beneficio dei soliti arcinoti imprenditori. Sappiamo tutti (compreso il Sindaco) che errori e speculazioni del passato hanno compromesso lo sviluppo sostenibile e generato molto pi\u00f9 edificato di quanto realmente necessario, consumando il nostro territorio e ponendo le basi per la crisi attuale. \u00c8 evidente che la gestione del nostro territorio debba cambiare passo e utilizzare criteri pi\u00f9 evoluti, che garantiscano la conservazione del patrimonio verde cittadino, il recupero di volumetrie inutilizzate o degradate, la razionalizzazione urbanistica a 360 gradi. Al contrario, la realizzazione di questa nuova ulteriore superficie commerciale, oltre a essere priva di logica e sbagliata nei presupposti, aggraver\u00e0, soprattutto, l&#8217;agonia dei commercianti del centro, nonch\u00e9 di quelle attivit\u00e0 di prossimit\u00e0 dei rioni attigui a viale dell&#8217;Unicef, come minimarket, salumerie, macellerie. L\u2019attivit\u00e0 amministrativa di De Luca con i nuovi alleati sta ricalcando alla virgola la linea tracciata prima di lui da Vito Santarsiero, con maxi interventi di cementificazione senza la minima attenzione al tema del riuso e della riqualificazione del patrimonio immobiliare esistente, e soprattutto senza alcuna programmazione n\u00e9 pianificazione. A nostro modo di vedere, invece, le trasformazioni della citt\u00e0 devono essere oggetto di riflessioni serie e approfondite. Il Sindaco bene avrebbe fatto a portare in Consiglio comunale il caso sottoponendolo a un ragionamento completo sul tema del consumo del suolo. Ci\u00f2 non si \u00e8 voluto fare, preferendo la strada facile (e disastrosa) della speculazione edilizia, che ha fatto la fortuna di tante carriere politiche ed \u00e8 stata la storica disgrazia per i Potentini, vittime di una citt\u00e0 cresciuta male e, purtroppo, con la memoria sempre troppo corta. Ne prendiamo atto\u201d conclude Vigilante.<\/p>\n","protected":false},"excerpt":{"rendered":"<p>17.5.16 \u2013 ore 12,55: \u201cNon sar\u00e0 un caso &#8211; e i cittadini devono saperlo &#8211; che dopo due anni di tregua la citt\u00e0 verr\u00e0 nuovamente &#8230; <\/p>\n","protected":false},"author":3,"featured_media":0,"comment_status":"closed","ping_status":"closed","sticky":false,"template":"single-sidebar.php","format":"standard","meta":{"footnotes":""},"categories":[384],"tags":[],"class_list":["post-15804","post","type-post","status-publish","format-standard","hentry","category-c243-comunicati-stampa-dei-consiglieri-243"],"_links":{"self":[{"href":"https:\/\/archivio.comune.potenza.it\/index.php?rest_route=\/wp\/v2\/posts\/15804"}],"collection":[{"href":"https:\/\/archivio.comune.potenza.it\/index.php?rest_route=\/wp\/v2\/posts"}],"about":[{"href":"https:\/\/archivio.comune.potenza.it\/index.php?rest_route=\/wp\/v2\/types\/post"}],"author":[{"embeddable":true,"href":"https:\/\/archivio.comune.potenza.it\/index.php?rest_route=\/wp\/v2\/users\/3"}],"replies":[{"embeddable":true,"href":"https:\/\/archivio.comune.potenza.it\/index.php?rest_route=%2Fwp%2Fv2%2Fcomments&post=15804"}],"version-history":[{"count":0,"href":"https:\/\/archivio.comune.potenza.it\/index.php?rest_route=\/wp\/v2\/posts\/15804\/revisions"}],"wp:attachment":[{"href":"https:\/\/archivio.comune.potenza.it\/index.php?rest_route=%2Fwp%2Fv2%2Fmedia&parent=15804"}],"wp:term":[{"taxonomy":"category","embeddable":true,"href":"https:\/\/archivio.comune.potenza.it\/index.php?rest_route=%2Fwp%2Fv2%2Fcategories&post=15804"},{"taxonomy":"post_tag","embeddable":true,"href":"https:\/\/archivio.comune.potenza.it\/index.php?rest_route=%2Fwp%2Fv2%2Ftags&post=15804"}],"curies":[{"name":"wp","href":"https:\/\/api.w.org\/{rel}","templated":true}]}}