{"id":15811,"date":"2016-05-16T13:38:16","date_gmt":"2016-05-16T11:38:16","guid":{"rendered":"http:\/\/archivio.comune.potenza.it\/?p=15811"},"modified":"2016-05-16T13:38:16","modified_gmt":"2016-05-16T11:38:16","slug":"festeggiamenti-santo-patrono-interviene-galella","status":"publish","type":"post","link":"https:\/\/archivio.comune.potenza.it\/?p=15811","title":{"rendered":"Festeggiamenti Santo Patrono, interviene Galella"},"content":{"rendered":"<p style=\"text-align: justify;\">17.5.16 \u2013 ore 13,35: \u201c<span class=\"5yl5\">Pittella zero euro per San Gerardo\u201d: a sostenerlo il capogruppo di Fratelli d\u2019Italia in Consiglio comunale, Alessandro Galella. \u201cLa battaglia contro Potenza \u2013 prosegue Galella \u2013 del presidente della Regione Marcello Pittella continua senza sosta. Per questo il presidente della Regione assicura a Potenza per la festa del Santo Patrono il contributo di zero euro. La festa di San Gerardo per\u00f2 non \u00e8 solo la festa del patrono del capoluogo di tutti i lucani, ma \u00e8 anche il pi\u00f9 grande evento della regione per numero di presenze. In 5 giorni festa infatti l\u2019affluenza che viene calcolata \u00e8 di oltre 100 mila persone, una dato che di anno in anno non fa altro che aumentare. Purtroppo questi dati non hanno nessuna importanza per l\u2019assessore al Turismo della Basilicata, Marcello Pittella e di conseguenza il finanziamento che dalle precedenti giunte regionali veniva sistematicamente assicurato si \u00e8 improvvisamente azzerato. La Regione preferisce investire i suoi soldi in concerti bandistici da 30 mila euro. Ma forse \u00e8 meglio cos\u00ec, perch\u00e9 i potentini sapranno con sacrificio e dedizione realizzare comunque la loro meravigliosa festa perch\u00e9 i semplici cittadini stanno dimostrando in tanti settori di saper far molto meglio dei politici. I Fratelli d\u2019Italia sperano che i potentini non dimentichino in cabina elettorale come il presidente della Regione e i tanti consiglieri regionali eletti con valanghe di voti nel capoluogo hanno finanziato il capodanno di un milione di euro di Matera dove l\u2019unica citt\u00e0 che si sono dimenticati di proiettare, ma anche solo di citare, \u00e8 stata, manco a dirlo, Potenza. I Fratelli d\u2019Italia di Potenza ringraziano anche per la scelta del luogo scelto per la sigla del patto per la Basilicata e per il trattamento riservato al primo cittadino eletto dai potentini. Per tutto questo mi piacerebbe come ha detto l\u2019onorevole Folino in parlamento utilizzare i metodi della tradizione contadina e sfidare in pubblica piazza il Presidente della Regione a mani nude e invece come l\u2019onorevole di Pietrapertosa ne approfitto per invitare ufficialmente il presidente Pittella alla pi\u00f9 bella festa della Regione. Sono sicuro che non la conosca e che non vi abbia mai partecipato, per questo visto che dura 5 giorni sono certo che ne trover\u00e0 uno libero per partecipare, per immergersi nel calore e nell\u2019allegria del popolo potentino, non quello che siede tra i posti comodi dei banchi dei consiglieri regionali, ma quello che in onore del suo Santo, canta, balla e brinda. Come ho fatto con il giornalista Sorgi, anche questa volta mi propongo di fare da Cicerone e questa volta di pagare noi l\u2019ospitalit\u00e0 al Presidente. Caro Marcello Pittella ti aspettiamo\u201d conclude il capogruppo FdI.<\/span><\/p>\n","protected":false},"excerpt":{"rendered":"<p>17.5.16 \u2013 ore 13,35: \u201cPittella zero euro per San Gerardo\u201d: a sostenerlo il capogruppo di Fratelli d\u2019Italia in Consiglio comunale, Alessandro Galella. \u201cLa battaglia contro &#8230; <\/p>\n","protected":false},"author":3,"featured_media":0,"comment_status":"closed","ping_status":"closed","sticky":false,"template":"single-sidebar.php","format":"standard","meta":{"footnotes":""},"categories":[384],"tags":[],"class_list":["post-15811","post","type-post","status-publish","format-standard","hentry","category-c243-comunicati-stampa-dei-consiglieri-243"],"_links":{"self":[{"href":"https:\/\/archivio.comune.potenza.it\/index.php?rest_route=\/wp\/v2\/posts\/15811"}],"collection":[{"href":"https:\/\/archivio.comune.potenza.it\/index.php?rest_route=\/wp\/v2\/posts"}],"about":[{"href":"https:\/\/archivio.comune.potenza.it\/index.php?rest_route=\/wp\/v2\/types\/post"}],"author":[{"embeddable":true,"href":"https:\/\/archivio.comune.potenza.it\/index.php?rest_route=\/wp\/v2\/users\/3"}],"replies":[{"embeddable":true,"href":"https:\/\/archivio.comune.potenza.it\/index.php?rest_route=%2Fwp%2Fv2%2Fcomments&post=15811"}],"version-history":[{"count":0,"href":"https:\/\/archivio.comune.potenza.it\/index.php?rest_route=\/wp\/v2\/posts\/15811\/revisions"}],"wp:attachment":[{"href":"https:\/\/archivio.comune.potenza.it\/index.php?rest_route=%2Fwp%2Fv2%2Fmedia&parent=15811"}],"wp:term":[{"taxonomy":"category","embeddable":true,"href":"https:\/\/archivio.comune.potenza.it\/index.php?rest_route=%2Fwp%2Fv2%2Fcategories&post=15811"},{"taxonomy":"post_tag","embeddable":true,"href":"https:\/\/archivio.comune.potenza.it\/index.php?rest_route=%2Fwp%2Fv2%2Ftags&post=15811"}],"curies":[{"name":"wp","href":"https:\/\/api.w.org\/{rel}","templated":true}]}}