{"id":15900,"date":"2016-05-20T11:00:40","date_gmt":"2016-05-20T09:00:40","guid":{"rendered":"http:\/\/archivio.comune.potenza.it\/?p=15900"},"modified":"2016-05-20T11:00:40","modified_gmt":"2016-05-20T09:00:40","slug":"trasporto-pubblico-locale-interviene-lovallo","status":"publish","type":"post","link":"https:\/\/archivio.comune.potenza.it\/?p=15900","title":{"rendered":"Trasporto pubblico locale, interviene Lovallo"},"content":{"rendered":"<p>20.5.16 \u2013 ore 10,45: \u201cLe dichiarazioni rese in Commissione consiliare dagli stessi titolari della ditta \u2018Trotta\u2019 in ordine alla non idoneit\u00e0 dell\u2019attuale Piano del Trasporto Pubblico Locale a garantire un adeguato servizio pubblico, ripropone con forza il tema di una radicale modifica del Piano stesso\u201d: a sostenerlo il consigliere del Pd Nicola Lovallo. \u201cPi\u00f9 volte \u2013 prosegue \u2013 abbiamo evidenziato che \u00e8 necessario cambiare e ampliare tale Piano. C\u2019\u00e8 una sofferenza gravissima nelle aree rurali, sempre pi\u00f9 isolate, e vi \u00e8 una forte carenza del servizio nei quartieri urbani, e strutture erogatrici di servizi, ospedale, centri sanitari, universit\u00e0. Serve con urgenza un nuovo e pi\u00f9 efficiente Piano da definirsi d\u2019intesa con i cittadini, nonch\u00e9 la messa a regime dei parcheggi a raso, ancora nel caos nonostante gli incontri in Commissione e gli impegni presi dall\u2019assessore. La conferma di questa situazione insostenibile viene dai dati relativi all\u2019uso delle scale mobili. Si \u00e8 passati da una media di oltre 15.000 passaggi al giorno degli anni 2013 e 2014, a una media di circa 7.000 passaggi al giorno dei primi quattro mesi dell\u2019anno. In particolare \u00e8 sconcertante il dato della scala mobile \u201c Santa Lucia\u201d che registra un dato inferiore a 300 passaggi giorno, erano 3890 nel 2014. E\u2019 evidente che siamo in una situazione di non governo del sistema del Trasporto Pubblico Integrato e di un gravissimo sottoutilizzo delle scale mobili che garantivano un efficiente accesso al Centro storico. Come previsto siamo al fallimento di scelte fatte in maniera superficiale e senza tener conto delle esigenze dei cittadini\u201d conclude il consigliere Lovallo.<\/p>\n","protected":false},"excerpt":{"rendered":"<p>20.5.16 \u2013 ore 10,45: \u201cLe dichiarazioni rese in Commissione consiliare dagli stessi titolari della ditta \u2018Trotta\u2019 in ordine alla non idoneit\u00e0 dell\u2019attuale Piano del Trasporto &#8230; <\/p>\n","protected":false},"author":3,"featured_media":0,"comment_status":"closed","ping_status":"closed","sticky":false,"template":"single-sidebar.php","format":"standard","meta":{"footnotes":""},"categories":[384],"tags":[],"class_list":["post-15900","post","type-post","status-publish","format-standard","hentry","category-c243-comunicati-stampa-dei-consiglieri-243"],"_links":{"self":[{"href":"https:\/\/archivio.comune.potenza.it\/index.php?rest_route=\/wp\/v2\/posts\/15900"}],"collection":[{"href":"https:\/\/archivio.comune.potenza.it\/index.php?rest_route=\/wp\/v2\/posts"}],"about":[{"href":"https:\/\/archivio.comune.potenza.it\/index.php?rest_route=\/wp\/v2\/types\/post"}],"author":[{"embeddable":true,"href":"https:\/\/archivio.comune.potenza.it\/index.php?rest_route=\/wp\/v2\/users\/3"}],"replies":[{"embeddable":true,"href":"https:\/\/archivio.comune.potenza.it\/index.php?rest_route=%2Fwp%2Fv2%2Fcomments&post=15900"}],"version-history":[{"count":0,"href":"https:\/\/archivio.comune.potenza.it\/index.php?rest_route=\/wp\/v2\/posts\/15900\/revisions"}],"wp:attachment":[{"href":"https:\/\/archivio.comune.potenza.it\/index.php?rest_route=%2Fwp%2Fv2%2Fmedia&parent=15900"}],"wp:term":[{"taxonomy":"category","embeddable":true,"href":"https:\/\/archivio.comune.potenza.it\/index.php?rest_route=%2Fwp%2Fv2%2Fcategories&post=15900"},{"taxonomy":"post_tag","embeddable":true,"href":"https:\/\/archivio.comune.potenza.it\/index.php?rest_route=%2Fwp%2Fv2%2Ftags&post=15900"}],"curies":[{"name":"wp","href":"https:\/\/api.w.org\/{rel}","templated":true}]}}