{"id":16110,"date":"2016-05-27T13:14:15","date_gmt":"2016-05-27T11:14:15","guid":{"rendered":"http:\/\/archivio.comune.potenza.it\/?p=16110"},"modified":"2016-05-27T13:14:15","modified_gmt":"2016-05-27T11:14:15","slug":"lassociazione-h-lettera-muta-in-quinta-commissione","status":"publish","type":"post","link":"https:\/\/archivio.comune.potenza.it\/?p=16110","title":{"rendered":"L\u2019associazione \u2018H lettera muta\u2019 in Quinta commissione"},"content":{"rendered":"<p>27.9.15-ore12,55: L\u2019associazione \u2018H lettera muta\u2019 \u00e8 stata ricevuta nella Quinta commissione presieduta da Donatella Cutro. Tema dell\u2019incontro la presentazione del progetto \u2018Con gli occhi della Mente\u2019. A illustrare l\u2019iniziativa, che ha avuto una durata annuale, sono state la vicepresidente dell\u2019associazione Maria Somma e la coordinatrice del progetto Anna Faraone. Alcune diapositive, un video e la spiegazione delle due intervenute hanno chiarito ai membri della Commissione modalit\u00e0 di svolgimento e finalit\u00e0 di un corso rivolto a persone con disabilit\u00e0, durante il quale sono stati realizzati lavori utilizzando il riciclo dei Raee (rifiuti di apparecchiature elettriche ed elettroniche). L\u2019iniziativa, realizzata grazie alla sinergia tra la cooperativa Benessere, la scuola e la Provincia, \u00e8 stato spiegato, aveva tra gli obiettivi quello di implementare l\u2019autostima, la socializzazione e la conoscenza da parte della societ\u00e0 delle persone interessate. Tra le opere anche una riproduzione del ponte Musmeci sulla quale si \u00e8 concentrata l\u2019attenzione dei commissari e della presidente Cutro che ha evidenziato la volont\u00e0 di coinvolgere assessore e ufficio Cultura, assessore e ufficio Edilizia e Pianificazione, \u201cper rendere quella rappresentazione un progetto itinerante, cos\u00ec da farne uno degli elementi che, insieme alle altre idee volte a diffondere la conoscenza del ponte sul Basento firmato da Sergio Musmeci, possa supportare adeguatamente le iniziative che si stanno intraprendendo per rilanciare il settore turistico e culturale in citt\u00e0\u201d.<a href=\"https:\/\/archivio.comune.potenza.it\/wp-content\/uploads\/2016\/05\/DSC_2751-1.jpg\"><img loading=\"lazy\" decoding=\"async\" class=\"alignnone size-medium wp-image-16107\" src=\"https:\/\/archivio.comune.potenza.it\/wp-content\/uploads\/2016\/05\/DSC_2751-1.jpg\" alt=\"DSC_2751\" width=\"1\" height=\"1\" \/><\/a><\/p>\n","protected":false},"excerpt":{"rendered":"<p>27.9.15-ore12,55: L\u2019associazione \u2018H lettera muta\u2019 \u00e8 stata ricevuta nella Quinta commissione presieduta da Donatella Cutro. Tema dell\u2019incontro la presentazione del progetto \u2018Con gli occhi della &#8230; <\/p>\n","protected":false},"author":3,"featured_media":0,"comment_status":"closed","ping_status":"closed","sticky":false,"template":"single-sidebar.php","format":"standard","meta":{"footnotes":""},"categories":[384],"tags":[],"class_list":["post-16110","post","type-post","status-publish","format-standard","hentry","category-c243-comunicati-stampa-dei-consiglieri-243"],"_links":{"self":[{"href":"https:\/\/archivio.comune.potenza.it\/index.php?rest_route=\/wp\/v2\/posts\/16110"}],"collection":[{"href":"https:\/\/archivio.comune.potenza.it\/index.php?rest_route=\/wp\/v2\/posts"}],"about":[{"href":"https:\/\/archivio.comune.potenza.it\/index.php?rest_route=\/wp\/v2\/types\/post"}],"author":[{"embeddable":true,"href":"https:\/\/archivio.comune.potenza.it\/index.php?rest_route=\/wp\/v2\/users\/3"}],"replies":[{"embeddable":true,"href":"https:\/\/archivio.comune.potenza.it\/index.php?rest_route=%2Fwp%2Fv2%2Fcomments&post=16110"}],"version-history":[{"count":0,"href":"https:\/\/archivio.comune.potenza.it\/index.php?rest_route=\/wp\/v2\/posts\/16110\/revisions"}],"wp:attachment":[{"href":"https:\/\/archivio.comune.potenza.it\/index.php?rest_route=%2Fwp%2Fv2%2Fmedia&parent=16110"}],"wp:term":[{"taxonomy":"category","embeddable":true,"href":"https:\/\/archivio.comune.potenza.it\/index.php?rest_route=%2Fwp%2Fv2%2Fcategories&post=16110"},{"taxonomy":"post_tag","embeddable":true,"href":"https:\/\/archivio.comune.potenza.it\/index.php?rest_route=%2Fwp%2Fv2%2Ftags&post=16110"}],"curies":[{"name":"wp","href":"https:\/\/api.w.org\/{rel}","templated":true}]}}