{"id":16134,"date":"2016-05-31T17:32:10","date_gmt":"2016-05-31T15:32:10","guid":{"rendered":"http:\/\/archivio.comune.potenza.it\/?p=16134"},"modified":"2016-06-01T10:30:35","modified_gmt":"2016-06-01T08:30:35","slug":"villa-del-prefetto-aperta-destate-la-richiesta-di-galella","status":"publish","type":"post","link":"https:\/\/archivio.comune.potenza.it\/?p=16134","title":{"rendered":"Villa del Prefetto aperta d\u2019estate, la richiesta di Galella"},"content":{"rendered":"<p style=\"text-align: justify; line-height: 150%;\"><span style=\"font-size: 14.0pt; line-height: 150%;\">31.5.15-ore 17,25: \u201c<span class=\"5yl5\">Tenere la Villa del Prefetto chiusa \u00e8 un insulto per tutta la citt\u00e0. L&#8217;iniziativa ospitata nel giardino in onore di San Gerardo ha mostrato a tutti l&#8217;incredibile potenzialit\u00e0 di questo luogo e in vista dell&#8217;estate sarebbe veramente assurdo private nuovamente i cittadini di questo luogo cos\u00ec ricco di poesia. Per questo in qualit\u00e0 di capogruppo al Comune dei Fratelli d&#8217;Italia \u2013 prosegue in una nota Alessandro Galella \u2013 chiedo al sindaco Dario De Luca e al presidente della Provincia Nicola Valluzzi di trovare immediatamente una soluzione, magari di concerto con eventuali associazioni interessate o commercianti, per tenere la Villa del Prefetto aperta per tutta l&#8217;estate. E&#8217; impossibile che unendo le forza di tutti non si riesca a trovare immediatamente una soluzione per aprire i cancelli anche nella stagione pi\u00f9 calda. Nel frattempo deve continuare incessante il lavoro per trovare i fondi necessari per mettere tutta la villa in sicurezza e soprattutto per assicurarle tutto lo splendore che merita. Il lavoro del Consiglio comunale sui fondi europei potrebbe assicurare i fondi necessari, ma solo se la propriet\u00e0 dovesse diventare comunale. Sono fiducioso che tutti insieme si possa trovare il modo migliore per riempire la villa di bambini, giovani e anziani, per passeggiate, giochi, aperitivi e soprattutto meravigliosi concerti estivi\u201d conclude Galella.<\/span><\/span><\/p>\n","protected":false},"excerpt":{"rendered":"<p>31.5.15-ore 17,25: \u201cTenere la Villa del Prefetto chiusa \u00e8 un insulto per tutta la citt\u00e0. L&#8217;iniziativa ospitata nel giardino in onore di San Gerardo ha &#8230; <\/p>\n","protected":false},"author":3,"featured_media":0,"comment_status":"closed","ping_status":"closed","sticky":false,"template":"single-sidebar.php","format":"standard","meta":{"footnotes":""},"categories":[384],"tags":[],"class_list":["post-16134","post","type-post","status-publish","format-standard","hentry","category-c243-comunicati-stampa-dei-consiglieri-243"],"_links":{"self":[{"href":"https:\/\/archivio.comune.potenza.it\/index.php?rest_route=\/wp\/v2\/posts\/16134"}],"collection":[{"href":"https:\/\/archivio.comune.potenza.it\/index.php?rest_route=\/wp\/v2\/posts"}],"about":[{"href":"https:\/\/archivio.comune.potenza.it\/index.php?rest_route=\/wp\/v2\/types\/post"}],"author":[{"embeddable":true,"href":"https:\/\/archivio.comune.potenza.it\/index.php?rest_route=\/wp\/v2\/users\/3"}],"replies":[{"embeddable":true,"href":"https:\/\/archivio.comune.potenza.it\/index.php?rest_route=%2Fwp%2Fv2%2Fcomments&post=16134"}],"version-history":[{"count":0,"href":"https:\/\/archivio.comune.potenza.it\/index.php?rest_route=\/wp\/v2\/posts\/16134\/revisions"}],"wp:attachment":[{"href":"https:\/\/archivio.comune.potenza.it\/index.php?rest_route=%2Fwp%2Fv2%2Fmedia&parent=16134"}],"wp:term":[{"taxonomy":"category","embeddable":true,"href":"https:\/\/archivio.comune.potenza.it\/index.php?rest_route=%2Fwp%2Fv2%2Fcategories&post=16134"},{"taxonomy":"post_tag","embeddable":true,"href":"https:\/\/archivio.comune.potenza.it\/index.php?rest_route=%2Fwp%2Fv2%2Ftags&post=16134"}],"curies":[{"name":"wp","href":"https:\/\/api.w.org\/{rel}","templated":true}]}}