{"id":16257,"date":"2016-06-08T10:33:21","date_gmt":"2016-06-08T08:33:21","guid":{"rendered":"http:\/\/archivio.comune.potenza.it\/?p=16257"},"modified":"2016-06-08T10:33:21","modified_gmt":"2016-06-08T08:33:21","slug":"parco-della-citta-interviene-meccariello","status":"publish","type":"post","link":"https:\/\/archivio.comune.potenza.it\/?p=16257","title":{"rendered":"Parco della Citt\u00e0, interviene Meccariello"},"content":{"rendered":"<p>8.6.16-ore 10,20: \u201cApprendo che il comitato dei cittadini promotori del Parco della Citt\u00e0 \u00e8 ancora in attesa dopo oltre un mese di un incontro con il presidente della Giunta regionale Marcello Pittella. Questo dopo una straordinaria giornata \u2013 prosegue il capogruppo di \u2018Insieme si cambia\u2019, Gianluca Meccariello \u2013 autogestita dai promotori, avvenuta l\u20198 maggio nel cuore del centro storico di Potenza. Una manifestazione piena di eventi i culturali che ha registrato una partecipazione popolare, segnale che l\u2019idea e il progetto del comitato \u00e8 sentito dai cittadini potentini. La nostra citt\u00e0 ha luoghi di verde e il verde non \u00e8 mai abbastanza, inoltre il progetto del Comitato ha una visione straordinaria e un valore simbolico per una citt\u00e0 che vuole uscire fuori dal grigio e dal tepore. Il progetto dei \u2018parchigiani\u2019 \u00e8 moderno, complesso, un unicum in Italia da come \u00e8 stato concepito ed \u00e8 stato messo a disposizione gratuitamente. Un progetto \u2013 prosegue il consigliere \u2013 che valorizza una zona come la ex Cip Zoo abbandonata ma dalle mille potenzialit\u00e0, una delle porte di ingresso di Potenza. E da quel 8 maggio si legge in un comunicato dei promotori si sono raccolte oltre 600 lettere firmate da consegnare al governatore Marcello Pittella. Questi nostri concittadini hanno il sogno di vedere realizzato il loro progetto messo a disposizione con generosit\u00e0 e senso civico, senza nulla chiedere. Un sogno e un dono da elogiare e sostenere come pubblicamente ha fatto il sindaco Dario De Luca che ha accolto l\u2019invito dei \u2018parchigiani\u2019 ad accompagnarli il giorno della consegna per ribadire l\u2019appoggio dell\u2019Amministrazione comunale, che approva e auspica la realizzazione del Parco. Lo stesso fa il sottoscritto dando il mio incondizionato impegno affinch\u00e9 si possa realizzare il tutto. Sono passati ormai oltre 4 anni dalla richiesta e dalla presentazione del progetto e dalla petizione sottoscritta da oltre 12 mila cittadini. Vi sono stati anche interventi in Consiglio regionale a opera di alcuni consiglieri, Giannino Romaniello, lo stesso Piero Lacorazza, sia da presidente del Consiglio regionale e sia ora da consigliere regionale \u00e8 vicino a questo progetto che merita e deve essere realizzato. Ai \u2018parchigiani\u2019 un applauso e incondizionata vicinanza perch\u00e9 con il loro civismo, la loro passione, il loro impegno hanno dato una lezione di come con una \u2018visione\u2019 si possa progettare a rendere migliore la nostra citt\u00e0. Lo ho hanno fatto con una generosit\u00e0 da ammirare e che deve essere di esempio per tutti, a cominciare da noi che siamo nelle Istituzioni. Istituzioni troppo spesso sorde e anche, ammettiamolo, lontane dai problemi e dai nostri concittadini\u201d conclude Meccariello.<\/p>\n","protected":false},"excerpt":{"rendered":"<p>8.6.16-ore 10,20: \u201cApprendo che il comitato dei cittadini promotori del Parco della Citt\u00e0 \u00e8 ancora in attesa dopo oltre un mese di un incontro con &#8230; <\/p>\n","protected":false},"author":3,"featured_media":0,"comment_status":"closed","ping_status":"closed","sticky":false,"template":"single-sidebar.php","format":"standard","meta":{"footnotes":""},"categories":[384],"tags":[],"class_list":["post-16257","post","type-post","status-publish","format-standard","hentry","category-c243-comunicati-stampa-dei-consiglieri-243"],"_links":{"self":[{"href":"https:\/\/archivio.comune.potenza.it\/index.php?rest_route=\/wp\/v2\/posts\/16257"}],"collection":[{"href":"https:\/\/archivio.comune.potenza.it\/index.php?rest_route=\/wp\/v2\/posts"}],"about":[{"href":"https:\/\/archivio.comune.potenza.it\/index.php?rest_route=\/wp\/v2\/types\/post"}],"author":[{"embeddable":true,"href":"https:\/\/archivio.comune.potenza.it\/index.php?rest_route=\/wp\/v2\/users\/3"}],"replies":[{"embeddable":true,"href":"https:\/\/archivio.comune.potenza.it\/index.php?rest_route=%2Fwp%2Fv2%2Fcomments&post=16257"}],"version-history":[{"count":0,"href":"https:\/\/archivio.comune.potenza.it\/index.php?rest_route=\/wp\/v2\/posts\/16257\/revisions"}],"wp:attachment":[{"href":"https:\/\/archivio.comune.potenza.it\/index.php?rest_route=%2Fwp%2Fv2%2Fmedia&parent=16257"}],"wp:term":[{"taxonomy":"category","embeddable":true,"href":"https:\/\/archivio.comune.potenza.it\/index.php?rest_route=%2Fwp%2Fv2%2Fcategories&post=16257"},{"taxonomy":"post_tag","embeddable":true,"href":"https:\/\/archivio.comune.potenza.it\/index.php?rest_route=%2Fwp%2Fv2%2Ftags&post=16257"}],"curies":[{"name":"wp","href":"https:\/\/api.w.org\/{rel}","templated":true}]}}