{"id":16318,"date":"2016-06-10T11:12:25","date_gmt":"2016-06-10T09:12:25","guid":{"rendered":"http:\/\/archivio.comune.potenza.it\/?p=16318"},"modified":"2016-06-10T11:12:25","modified_gmt":"2016-06-10T09:12:25","slug":"approvazione-bilanci-interviene-carretta","status":"publish","type":"post","link":"https:\/\/archivio.comune.potenza.it\/?p=16318","title":{"rendered":"Approvazione Bilanci, interviene Carretta"},"content":{"rendered":"<p>10.6.16-ore 11: \u201cIl bilancio consuntivo 2015 e a quello previsionale 2016 passa solo a maggioranza in una confusione politico-amministrativa evidente. Ho votato contro un Bilancio diretta conseguenza di una incauta dichiarazione di dissesto \u2013 spiega il consigliere del Pd Gianpaolo Carretta \u2013 mossa da motivi ideologici come finanche detto dal Procuratore della Corte dei Conti. Si \u00e8 voluto approvare un dissesto a danno della Citt\u00e0 azzerando i servizi, procurando licenziamenti, impedendo di fare nuovi investimenti, trascinando Potenza nell\u2019immobilismo e nella paralisi amministrativa. Ci sono stati oggettivi cambi di maggioranza e trasformismi politici che hanno come obiettivo non il bene comune, ma la gestione del potere per il potere e il carrierismo individuale. Nel merito vi \u00e8 un ricorso sistematico all\u2019anticipazione di tesoreria che anche a detta della Corte dei Conti costituisce un debito strutturale per l\u2019Ente. Non si \u00e8 fatto fronte cos\u00ec come richiesto dal Collegio dei Revisori dei Conti alle verifiche trimestrali: l\u2019indebitamento procapite \u00e8 tra i pi\u00f9 alti d\u2019Italia. Siamo di fronte ad un Piano Trasporti errato tecnicamente che non mette in collegamento in maniera sinergica la citt\u00e0 e in modo particolare le areee rurali che sono le pi\u00f9 penalizzate. La citt\u00e0 \u00e8 sporca e da due anni non si parte con il Piano Differenziato Porta a Porta nonostante si sia ereditato il progetto ACTA \u2013 CONAI e il collegato finanziamento di 5.500.000 Euro. Non c\u2019\u00e8 un progetto che guarda al futuro! Ci si concentra sull\u2019ordinaria amministrazione e sulla politica del taglio dei nastri senza mettere in campo un ampio dibattito sul futuro della citt\u00e0. Potenza merita altro. Occorre rapidamente ridare la parola ai cittadini che possono liberamente scegliere un Sindaco, un Progetto e una idea di Citt\u00e0, che corrisponda al ruolo che deve avere un capoluogo di Regione\u201d conclude Carretta.<\/p>\n","protected":false},"excerpt":{"rendered":"<p>10.6.16-ore 11: \u201cIl bilancio consuntivo 2015 e a quello previsionale 2016 passa solo a maggioranza in una confusione politico-amministrativa evidente. Ho votato contro un Bilancio &#8230; <\/p>\n","protected":false},"author":3,"featured_media":0,"comment_status":"closed","ping_status":"closed","sticky":false,"template":"single-sidebar.php","format":"standard","meta":{"footnotes":""},"categories":[384],"tags":[],"class_list":["post-16318","post","type-post","status-publish","format-standard","hentry","category-c243-comunicati-stampa-dei-consiglieri-243"],"_links":{"self":[{"href":"https:\/\/archivio.comune.potenza.it\/index.php?rest_route=\/wp\/v2\/posts\/16318"}],"collection":[{"href":"https:\/\/archivio.comune.potenza.it\/index.php?rest_route=\/wp\/v2\/posts"}],"about":[{"href":"https:\/\/archivio.comune.potenza.it\/index.php?rest_route=\/wp\/v2\/types\/post"}],"author":[{"embeddable":true,"href":"https:\/\/archivio.comune.potenza.it\/index.php?rest_route=\/wp\/v2\/users\/3"}],"replies":[{"embeddable":true,"href":"https:\/\/archivio.comune.potenza.it\/index.php?rest_route=%2Fwp%2Fv2%2Fcomments&post=16318"}],"version-history":[{"count":0,"href":"https:\/\/archivio.comune.potenza.it\/index.php?rest_route=\/wp\/v2\/posts\/16318\/revisions"}],"wp:attachment":[{"href":"https:\/\/archivio.comune.potenza.it\/index.php?rest_route=%2Fwp%2Fv2%2Fmedia&parent=16318"}],"wp:term":[{"taxonomy":"category","embeddable":true,"href":"https:\/\/archivio.comune.potenza.it\/index.php?rest_route=%2Fwp%2Fv2%2Fcategories&post=16318"},{"taxonomy":"post_tag","embeddable":true,"href":"https:\/\/archivio.comune.potenza.it\/index.php?rest_route=%2Fwp%2Fv2%2Ftags&post=16318"}],"curies":[{"name":"wp","href":"https:\/\/api.w.org\/{rel}","templated":true}]}}