{"id":16331,"date":"2016-06-10T13:20:52","date_gmt":"2016-06-10T11:20:52","guid":{"rendered":"http:\/\/archivio.comune.potenza.it\/?p=16331"},"modified":"2017-11-10T13:11:08","modified_gmt":"2017-11-10T12:11:08","slug":"bilanci-e-situazione-politica-nota-di-fanelli","status":"publish","type":"post","link":"https:\/\/archivio.comune.potenza.it\/?p=16331","title":{"rendered":"Bilanci e situazione politica, nota di Fanelli"},"content":{"rendered":"<p>10.6.16-ore 13,20: \u201cIl rendiconto di gestione 2015, il documento unico di programmazione 2016-18 e il previsionale 2016-2018\u201d dichiara il vicepresidente del Consiglio comunale Francesco Fanelli \u201csono documenti fondamentali perch\u00e9 rappresentano le azioni e le scelte che l\u2019Amministrazione intende perseguire. Le criticit\u00e0 permangono in diversi settori. Si va dagli asili nido per i quali manca ancora il bando per le iscrizioni, con le famiglie costrette a vivere una situazione di incertezza. Penso al trasporto pubblico, la cui inefficienza \u00e8 oramai certificata, con i maggiori danni che si registrano nelle zone rurali. Tranne per la tracciatura delle linee blu, in tema di parcheggi la situazione rimane confusa. Stessa cosa dicasi per la pulizia e il verde pubblico, con problemi relativi alla concretizzazione dell\u2019avvio della raccolta differenziata riguardo alla prima e alla manutenzione ordinaria e straordinaria per quel che attiene il secondo. Il percorso intrapreso, nell\u2019ambito della definizione dei documenti economico-finanziari, non l\u2019ho condiviso sin dall\u2019inizio, perch\u00e9 ero e resto convinto che alla loro base manchi un\u2019idea di citt\u00e0. A conferma di ci\u00f2 abbiamo assistito in Consiglio a una delle pagine pi\u00f9 brutte della politica cittadina. Sospensioni immotivate dei lavori, persone che hanno prima lasciato e poi ripreso il proprio scranno, confermando che questa Amministrazione sia sotto il ricatto delle diverse correnti del Pd, per la sistemazione di qualche poltrona e non, come dovrebbe, per una proposta programmatica realmente condivisa. Per tutte queste ragioni coerentemente ho ritenuto di esprimere un voto contrario ai provvedimenti\u201d.<\/p>\n","protected":false},"excerpt":{"rendered":"<p>10.6.16-ore 13,20: \u201cIl rendiconto di gestione 2015, il documento unico di programmazione 2016-18 e il previsionale 2016-2018\u201d dichiara il vicepresidente del Consiglio comunale Francesco Fanelli &#8230; <\/p>\n","protected":false},"author":3,"featured_media":0,"comment_status":"closed","ping_status":"closed","sticky":false,"template":"single-sidebar.php","format":"standard","meta":{"footnotes":""},"categories":[384],"tags":[],"class_list":["post-16331","post","type-post","status-publish","format-standard","hentry","category-c243-comunicati-stampa-dei-consiglieri-243"],"_links":{"self":[{"href":"https:\/\/archivio.comune.potenza.it\/index.php?rest_route=\/wp\/v2\/posts\/16331"}],"collection":[{"href":"https:\/\/archivio.comune.potenza.it\/index.php?rest_route=\/wp\/v2\/posts"}],"about":[{"href":"https:\/\/archivio.comune.potenza.it\/index.php?rest_route=\/wp\/v2\/types\/post"}],"author":[{"embeddable":true,"href":"https:\/\/archivio.comune.potenza.it\/index.php?rest_route=\/wp\/v2\/users\/3"}],"replies":[{"embeddable":true,"href":"https:\/\/archivio.comune.potenza.it\/index.php?rest_route=%2Fwp%2Fv2%2Fcomments&post=16331"}],"version-history":[{"count":0,"href":"https:\/\/archivio.comune.potenza.it\/index.php?rest_route=\/wp\/v2\/posts\/16331\/revisions"}],"wp:attachment":[{"href":"https:\/\/archivio.comune.potenza.it\/index.php?rest_route=%2Fwp%2Fv2%2Fmedia&parent=16331"}],"wp:term":[{"taxonomy":"category","embeddable":true,"href":"https:\/\/archivio.comune.potenza.it\/index.php?rest_route=%2Fwp%2Fv2%2Fcategories&post=16331"},{"taxonomy":"post_tag","embeddable":true,"href":"https:\/\/archivio.comune.potenza.it\/index.php?rest_route=%2Fwp%2Fv2%2Ftags&post=16331"}],"curies":[{"name":"wp","href":"https:\/\/api.w.org\/{rel}","templated":true}]}}