{"id":16337,"date":"2016-06-13T10:17:15","date_gmt":"2016-06-13T08:17:15","guid":{"rendered":"http:\/\/archivio.comune.potenza.it\/?p=16337"},"modified":"2016-06-13T10:17:15","modified_gmt":"2016-06-13T08:17:15","slug":"giannizzari-interviene-sullultimo-consiglio-comunale","status":"publish","type":"post","link":"https:\/\/archivio.comune.potenza.it\/?p=16337","title":{"rendered":"Giannizzari interviene sull\u2019ultimo Consiglio comunale"},"content":{"rendered":"<p style=\"text-align: justify;\"><span style=\"font-size: 14.0pt;\">13.6.16-ore 10,10: \u201cAncora una volta la politica, quella dei politicanti, ha preso il sopravvento. Il segnale chiaro e inequivocabile lo si \u00e8 avuto durante l\u2019ultimo Consiglio comunale improntato sull&#8217;approvazione del bilancio di Previsione 2016-2018. Qualcuno \u2013 prosegue il capogruppo del Movimento 5 Stelle Savino Giannizzari \u2013 ha addirittura perso le staffe e il sindaco De Luca si \u00e8 detto pronto a tornare alle elezioni. Insomma, si \u00e8 assistito al vecchio giochetto, per non pochi versi irresponsabile, della politica con la p minuscola. Fra sospensioni e incontri tesi alla ricerca dell&#8217;assetto politico e dei ruoli, anche di \u2018Capobastoni\u2019, la situazione economica della citt\u00e0 \u00e8 passata quasi in secondo piano. Nel mezzo del Consiglio, come se non vi fosse stato tempo prima, si sono tenute riunioni, diverse, per scegliere portavoci e nuovi schieramenti si sono creati. Sono in molti a voler cogliere l&#8217;occasione per essere \u2018prime donne\u2019 dovendo per\u00f2 confrontarsi coi vecchi \u2018volponi\u2019 che della politica ormai ne hanno fatto il proprio \u2018mestiere\u2019 e ne conoscono tutti i difetti e gli aspetti pi\u00f9 nascosti ai comuni cittadini. Il clima che si \u00e8 respirato \u00e8 stato in qualche modo soffocante per chi come noi del Movimento 5 Stelle non siamo politicanti. L&#8217;ora delle sciabole assopite \u00e8 finita e si va verso l&#8217;ennesima guerra delle poltrone e la resa dei conti. In pratica nulla \u00e8 cambiato sotto il sole. La politica, quella del \u2018blob\u2019 si \u00e8 fatta sentire e vedere in tutte le sue manifestazioni, anche le peggiori. Ai cittadini va detto che se lasciano nelle mani di questi signori il loro futuro ci sar\u00e0 poco da gioire. Bisogna essere partecipi e attivi: in movimento per risolvere con onest\u00e0 le questioni che attanagliano Potenza da troppo tempo\u201d conclude Giannizzari.<\/span><\/p>\n","protected":false},"excerpt":{"rendered":"<p>13.6.16-ore 10,10: \u201cAncora una volta la politica, quella dei politicanti, ha preso il sopravvento. Il segnale chiaro e inequivocabile lo si \u00e8 avuto durante l\u2019ultimo &#8230; <\/p>\n","protected":false},"author":3,"featured_media":0,"comment_status":"closed","ping_status":"closed","sticky":false,"template":"single-sidebar.php","format":"standard","meta":{"footnotes":""},"categories":[384],"tags":[],"class_list":["post-16337","post","type-post","status-publish","format-standard","hentry","category-c243-comunicati-stampa-dei-consiglieri-243"],"_links":{"self":[{"href":"https:\/\/archivio.comune.potenza.it\/index.php?rest_route=\/wp\/v2\/posts\/16337"}],"collection":[{"href":"https:\/\/archivio.comune.potenza.it\/index.php?rest_route=\/wp\/v2\/posts"}],"about":[{"href":"https:\/\/archivio.comune.potenza.it\/index.php?rest_route=\/wp\/v2\/types\/post"}],"author":[{"embeddable":true,"href":"https:\/\/archivio.comune.potenza.it\/index.php?rest_route=\/wp\/v2\/users\/3"}],"replies":[{"embeddable":true,"href":"https:\/\/archivio.comune.potenza.it\/index.php?rest_route=%2Fwp%2Fv2%2Fcomments&post=16337"}],"version-history":[{"count":0,"href":"https:\/\/archivio.comune.potenza.it\/index.php?rest_route=\/wp\/v2\/posts\/16337\/revisions"}],"wp:attachment":[{"href":"https:\/\/archivio.comune.potenza.it\/index.php?rest_route=%2Fwp%2Fv2%2Fmedia&parent=16337"}],"wp:term":[{"taxonomy":"category","embeddable":true,"href":"https:\/\/archivio.comune.potenza.it\/index.php?rest_route=%2Fwp%2Fv2%2Fcategories&post=16337"},{"taxonomy":"post_tag","embeddable":true,"href":"https:\/\/archivio.comune.potenza.it\/index.php?rest_route=%2Fwp%2Fv2%2Ftags&post=16337"}],"curies":[{"name":"wp","href":"https:\/\/api.w.org\/{rel}","templated":true}]}}