{"id":16454,"date":"2016-06-15T15:23:35","date_gmt":"2016-06-15T13:23:35","guid":{"rendered":"http:\/\/archivio.comune.potenza.it\/?p=16454"},"modified":"2016-06-15T15:23:35","modified_gmt":"2016-06-15T13:23:35","slug":"ex-vivalat-intervento-di-giannizzari","status":"publish","type":"post","link":"https:\/\/archivio.comune.potenza.it\/?p=16454","title":{"rendered":"Ex Vivalat, intervento di Giannizzari"},"content":{"rendered":"<p style=\"text-align: justify;\"><span style=\"font-size: 14.0pt;\">15.6.16-ore 15,15: \u201c\u2018Chi ha tempo non aspetti tempo\u2019. E&#8217; L&#8217;ora di \u2018sfruttare\u2019 le possibilit\u00e0 per riconsegnare alla citt\u00e0 della struttura ex Vivalat. La nostra proposta \u2013 ha spiegato il capogruppo del Movimento 5 Stelle, Savino Giannizzari \u2013 ha riaperto il dibattito in citt\u00e0 e nella regione (proprietaria della struttura) sulla ex Vivalat in viale del Basento. Sarebbe idoneo quale contenitore di spettacoli, manifestazioni e fiere. Su esplicita richiesta agli uffici regionali di poter accedervi per un sopralluogo, mi \u00e8 stato risposto che in seguito ad atti vandalici la regione ha chiesto all&#8217;Arpab di verificare se vi siano materiali pericolosi per la salute all&#8217;interno dello stabilimento abbandonato. Solo in seguito alla rassicurazione si potr\u00e0 svolgere un sopralluogo. Intanto a fine agosto scade un bando del ministero con la dotazione di 400 milioni per il recupero di aree degradate, che prevede la possibilit\u00e0 per i comuni di poter presentare progetti per la riqualificazione entro fine agosto. Sarebbe quindi urgente un accordo fra Regione e Comune per dare la possibilit\u00e0 all&#8217;amministrazione comunale di poter inoltrare la richiesta per risistemare l&#8217;ex fabbrica del latte e riconsegnare il \u2018territorio\u2019 alla citt\u00e0, oggi in totale abbandono e preda di danneggiamenti vandalici continui. Certo \u00e8 che il tempo \u00e8 poco, ma \u00e8 in questi casi che si vede la vera efficienza delle amministrazioni. Un modo per dimostrare sia l&#8217;efficacia sia l&#8217;attaccamento al proprio territorio. Oltre che un atto concreto per scongiurare gli appetiti speculativi che sicuramente in molti potrebbero avere su quella zona di grande interesse commerciale. Intanto anche molti docenti dell&#8217;Unibas hanno manifestato il loro appoggio all&#8217;iniziativa e il loro possibile contributo per recuperare quella zona, che se un tempo era fuori citt\u00e0, ai margini della zona industriale, oggi \u00e8 praticamente dentro il circondario, in un&#8217;appetibile zona commerciale che potrebbe man mano trasformarsi anche in artigianale. E la struttura che come M5S vorremmo riconsegnare alla citt\u00e0, affinch\u00e9 possa essere anche riferimento espositivo per il settore artigianale dell&#8217;intera regione, oltre a contenitore al chiuso di manifestazioni culturali e spettacoli\u201d conclude Giannizzari.<\/span><\/p>\n","protected":false},"excerpt":{"rendered":"<p>15.6.16-ore 15,15: \u201c\u2018Chi ha tempo non aspetti tempo\u2019. E&#8217; L&#8217;ora di \u2018sfruttare\u2019 le possibilit\u00e0 per riconsegnare alla citt\u00e0 della struttura ex Vivalat. La nostra proposta &#8230; <\/p>\n","protected":false},"author":3,"featured_media":0,"comment_status":"closed","ping_status":"closed","sticky":false,"template":"single-sidebar.php","format":"standard","meta":{"footnotes":""},"categories":[384],"tags":[],"class_list":["post-16454","post","type-post","status-publish","format-standard","hentry","category-c243-comunicati-stampa-dei-consiglieri-243"],"_links":{"self":[{"href":"https:\/\/archivio.comune.potenza.it\/index.php?rest_route=\/wp\/v2\/posts\/16454"}],"collection":[{"href":"https:\/\/archivio.comune.potenza.it\/index.php?rest_route=\/wp\/v2\/posts"}],"about":[{"href":"https:\/\/archivio.comune.potenza.it\/index.php?rest_route=\/wp\/v2\/types\/post"}],"author":[{"embeddable":true,"href":"https:\/\/archivio.comune.potenza.it\/index.php?rest_route=\/wp\/v2\/users\/3"}],"replies":[{"embeddable":true,"href":"https:\/\/archivio.comune.potenza.it\/index.php?rest_route=%2Fwp%2Fv2%2Fcomments&post=16454"}],"version-history":[{"count":0,"href":"https:\/\/archivio.comune.potenza.it\/index.php?rest_route=\/wp\/v2\/posts\/16454\/revisions"}],"wp:attachment":[{"href":"https:\/\/archivio.comune.potenza.it\/index.php?rest_route=%2Fwp%2Fv2%2Fmedia&parent=16454"}],"wp:term":[{"taxonomy":"category","embeddable":true,"href":"https:\/\/archivio.comune.potenza.it\/index.php?rest_route=%2Fwp%2Fv2%2Fcategories&post=16454"},{"taxonomy":"post_tag","embeddable":true,"href":"https:\/\/archivio.comune.potenza.it\/index.php?rest_route=%2Fwp%2Fv2%2Ftags&post=16454"}],"curies":[{"name":"wp","href":"https:\/\/api.w.org\/{rel}","templated":true}]}}