{"id":16455,"date":"2016-06-15T15:50:38","date_gmt":"2016-06-15T13:50:38","guid":{"rendered":"http:\/\/archivio.comune.potenza.it\/?p=16455"},"modified":"2016-06-15T15:55:20","modified_gmt":"2016-06-15T13:55:20","slug":"lavori-acquedotto-interrogazione-urgente-di-fanelli","status":"publish","type":"post","link":"https:\/\/archivio.comune.potenza.it\/?p=16455","title":{"rendered":"Lavori Acquedotto, interrogazione urgente di Fanelli"},"content":{"rendered":"<p>15.6.16-ore 15,45: I danni alla pubblica illuminazione e il mancato ripristino della situazione precedente all\u2019esecuzione dei lavori: questi i motivi dell\u2019interrogazione urgente presentata dal vicepresidente del Consiglio comunale Francesco Fanelli, nel corso dell\u2019Assise municipale. \u201cDurante la realizzazione delle opere necessarie agli interventi svolti per conto di Acquedotto Lucano \u2013 ha spiegato Fanelli \u2013 in pi\u00f9 occasioni sono stati segnalati forti disagi dai cittadini. Mi riferisco a quanto accaduto nelle zone di Giarrossa, Giuliano, Avigliano Scalo, Macchia Romana, via Giorgio La Pira, laddove le ditte incaricate hanno provocato danni alla rete elettrica con le notevoli difficolt\u00e0 che ci\u00f2 comporta per le famiglie e le attivit\u00e0 interessate. Ho chiesto la convocazione di un tavolo di confronto, proposta alla quale l\u2019assessore alle Opere Pubbliche e vicesindaco Sergio Potenza ha manifestato la volont\u00e0 di aderire, tavolo che coinvolga Comune e Acquedotto. L\u2019obiettivo \u2013 precisa concludendo il consigliere Fanelli \u2013 \u00e8 quello di poter individuare in maniera concreta, rapida e condivisa, le modalit\u00e0 d\u2019intervento, sia in fase di esecuzione dei lavori, sia, ove si rendesse necessario, per un ripristino dei servizi interrotti nel caso in cui, durante l\u2019esecuzione dei lavori, si dovessero verificare incidenti come quelli occorsi, contestualmente all\u2019interruzione della fornitura di energia elettrica ma, soprattutto, in tutto il periodo necessario per il ripristino completo del servizio\u201d.<\/p>\n","protected":false},"excerpt":{"rendered":"<p>15.6.16-ore 15,45: I danni alla pubblica illuminazione e il mancato ripristino della situazione precedente all\u2019esecuzione dei lavori: questi i motivi dell\u2019interrogazione urgente presentata dal vicepresidente &#8230; <\/p>\n","protected":false},"author":3,"featured_media":0,"comment_status":"closed","ping_status":"closed","sticky":false,"template":"single-sidebar.php","format":"standard","meta":{"footnotes":""},"categories":[384],"tags":[],"class_list":["post-16455","post","type-post","status-publish","format-standard","hentry","category-c243-comunicati-stampa-dei-consiglieri-243"],"_links":{"self":[{"href":"https:\/\/archivio.comune.potenza.it\/index.php?rest_route=\/wp\/v2\/posts\/16455"}],"collection":[{"href":"https:\/\/archivio.comune.potenza.it\/index.php?rest_route=\/wp\/v2\/posts"}],"about":[{"href":"https:\/\/archivio.comune.potenza.it\/index.php?rest_route=\/wp\/v2\/types\/post"}],"author":[{"embeddable":true,"href":"https:\/\/archivio.comune.potenza.it\/index.php?rest_route=\/wp\/v2\/users\/3"}],"replies":[{"embeddable":true,"href":"https:\/\/archivio.comune.potenza.it\/index.php?rest_route=%2Fwp%2Fv2%2Fcomments&post=16455"}],"version-history":[{"count":0,"href":"https:\/\/archivio.comune.potenza.it\/index.php?rest_route=\/wp\/v2\/posts\/16455\/revisions"}],"wp:attachment":[{"href":"https:\/\/archivio.comune.potenza.it\/index.php?rest_route=%2Fwp%2Fv2%2Fmedia&parent=16455"}],"wp:term":[{"taxonomy":"category","embeddable":true,"href":"https:\/\/archivio.comune.potenza.it\/index.php?rest_route=%2Fwp%2Fv2%2Fcategories&post=16455"},{"taxonomy":"post_tag","embeddable":true,"href":"https:\/\/archivio.comune.potenza.it\/index.php?rest_route=%2Fwp%2Fv2%2Ftags&post=16455"}],"curies":[{"name":"wp","href":"https:\/\/api.w.org\/{rel}","templated":true}]}}