{"id":16514,"date":"2016-06-19T18:09:35","date_gmt":"2016-06-19T16:09:35","guid":{"rendered":"http:\/\/archivio.comune.potenza.it\/?p=16514"},"modified":"2016-06-19T18:09:35","modified_gmt":"2016-06-19T16:09:35","slug":"potenza-rete-interviene-meccariello","status":"publish","type":"post","link":"https:\/\/archivio.comune.potenza.it\/?p=16514","title":{"rendered":"Potenza Rete, interviene Meccariello"},"content":{"rendered":"<p align=\"JUSTIFY\"><span style=\"font-family: Times New Roman,serif;\"><span style=\"font-size: large;\"><span lang=\"it-IT\">19.6.16 &#8211; ore 18: <\/span><\/span><\/span><span style=\"font-family: Times New Roman,serif;\"><span style=\"font-size: large;\"><span lang=\"it-IT\">\u201cDue anni di vita e anche da ricordare la gioiosa festa di OpenVillaFest 2015 dove la rete delle associazioni potentine trasmut\u00f2 la villa del prefetto in un teatro all\u2019aperto con la partecipazione di numerose associazioni ed artisti all\u2019insegna dell\u2019arte, della cultura e del divertimento regalando ai potentini una giornata straordinaria\u201d. Lo dichiara Gianluca Meccariello capogruppo di Insieme si Cambia al Comune di Potenza. \u201cLa nascita formale di Potenza Rete, una unione di associazioni, di movimenti, di operatori culturali, di artisti e di cittadini volta a rappresentare un laboratorio di idee a carattere consultivo, propositivo ed organizzativo nella nostra citt\u00e0 \u00e8 da applaudire e da sostenere con tutte le possibilit\u00e0 che l\u2019amministrazione comunale pu\u00f2 offrire \u2013 conclude Meccariello \u2013 con una doverosa precisazione di tenere ben distinti i campi della amministrazione e della politica da quelli dell\u2019associazionismo, del volontariato e del terzo settore la cui linfa \u00e8 e deve sempre rimanere la libert\u00e0 di esprimere la propria creativit\u00e0 e la propria attivit\u00e0 culturale senza che nessuno debba permettersi di strumentalizzare. Potenza Rete ha dimostrato che la nostra citt\u00e0 \u00e8 viva ed \u00e8 piena di fermento spontaneo. Iniziative in tutta la nostra citt\u00e0 spesso organizzate anche con pochi mezzi finanziari: qualcosa che deve far inorgoglire tutti. Un plauso a Rocco Pesarini da anni fautore di riuscire a creare un coordinamento tra tutte le associazioni e la cittadinanza attiva, un ringraziamento esteso ai tanti che sono assieme a lui; l\u2019elenco sarebbe lunghissimo. Da consigliere comunale e da cittadino potentino sono orgoglioso della loro iniziativa perch\u00e9 dimostra che Potenza \u00e8 viva e vivace e pu\u00f2 avere uno slancio proprio grazie alla societ\u00e0 civile e all\u2019associazionismo, capace di portare iniziative anche nei quartieri periferici e in sedi che altrimenti sarebbero dimenticate poich\u00e9 non rientranti nei circuiti fatemi passare la definizioni della \u201ccultura ufficiale\u201d. Complimenti e buon lavoro\u201d.<\/span><\/span><\/span><\/p>\n","protected":false},"excerpt":{"rendered":"<p>19.6.16 &#8211; ore 18: \u201cDue anni di vita e anche da ricordare la gioiosa festa di OpenVillaFest 2015 dove la rete delle associazioni potentine trasmut\u00f2 &#8230; <\/p>\n","protected":false},"author":3,"featured_media":0,"comment_status":"closed","ping_status":"closed","sticky":false,"template":"single-sidebar.php","format":"standard","meta":{"footnotes":""},"categories":[384],"tags":[],"class_list":["post-16514","post","type-post","status-publish","format-standard","hentry","category-c243-comunicati-stampa-dei-consiglieri-243"],"_links":{"self":[{"href":"https:\/\/archivio.comune.potenza.it\/index.php?rest_route=\/wp\/v2\/posts\/16514"}],"collection":[{"href":"https:\/\/archivio.comune.potenza.it\/index.php?rest_route=\/wp\/v2\/posts"}],"about":[{"href":"https:\/\/archivio.comune.potenza.it\/index.php?rest_route=\/wp\/v2\/types\/post"}],"author":[{"embeddable":true,"href":"https:\/\/archivio.comune.potenza.it\/index.php?rest_route=\/wp\/v2\/users\/3"}],"replies":[{"embeddable":true,"href":"https:\/\/archivio.comune.potenza.it\/index.php?rest_route=%2Fwp%2Fv2%2Fcomments&post=16514"}],"version-history":[{"count":0,"href":"https:\/\/archivio.comune.potenza.it\/index.php?rest_route=\/wp\/v2\/posts\/16514\/revisions"}],"wp:attachment":[{"href":"https:\/\/archivio.comune.potenza.it\/index.php?rest_route=%2Fwp%2Fv2%2Fmedia&parent=16514"}],"wp:term":[{"taxonomy":"category","embeddable":true,"href":"https:\/\/archivio.comune.potenza.it\/index.php?rest_route=%2Fwp%2Fv2%2Fcategories&post=16514"},{"taxonomy":"post_tag","embeddable":true,"href":"https:\/\/archivio.comune.potenza.it\/index.php?rest_route=%2Fwp%2Fv2%2Ftags&post=16514"}],"curies":[{"name":"wp","href":"https:\/\/api.w.org\/{rel}","templated":true}]}}