{"id":16833,"date":"2016-07-05T10:47:25","date_gmt":"2016-07-05T08:47:25","guid":{"rendered":"http:\/\/archivio.comune.potenza.it\/?p=16833"},"modified":"2016-07-05T10:47:25","modified_gmt":"2016-07-05T08:47:25","slug":"giannizzari-canoni-di-locazione-bucaletto","status":"publish","type":"post","link":"https:\/\/archivio.comune.potenza.it\/?p=16833","title":{"rendered":"Giannizzari: canoni di locazione Bucaletto"},"content":{"rendered":"<p>&#8220;L&#8217;aumento del canone di affitto, piombato nei giorni scorsi ai residenti della &#8220;cittadella&#8221; a Bucaletto &#8211; sostiene il consigliere comunale del gruppo M5Stelle di Potenza, Savino Giannizzari &#8211; \u00e8 l&#8217;ennesima tegola, speriamo non di amianto, per gli abitanti che si sono mobilitati per cercare di avere lumi. In alcuni casi, infatti, l\u2019incremento del canone \u00e8 del 300 per cento. E Intanto dal comune giungono notizie non tanto chiare a giustificazione degl&#8217;incrementi che comunque lasciano aperta una porta. Oltre le questioni tecniche legate alle catalogazioni dei prefabbricati, rispetto al loro valore in termini di cubature, non certo strutturali e urbanistici, vi sono questioni che ormai si trascinano da decenni. Ed \u00e8 certo che la situazione prima o poi va presa di petto al netto delle strumentalizzazioni sia politiche sia di sfruttamento da parte di chi magari non ne ha diritto sottraendolo a chi lo avrebbe realmente e oggettivamente. Come Movimento intendiamo sollecitare e chiedere all&#8217;amministrazione di avviare immediatamente il censimento per i parametri ISEE in modo da tarare le richieste di canone in relazione alle reali possibilit\u00e0 di ognuno degli occupanti senza usare il metodo, pur se previsto dalle norme, per altro pi\u00f9&#8217; stringenti in caso di commissariamento, della scure. Ai cittadini per i quali la situazione non \u00e8 chiara andrebbe chiesto di continuare a pagare quanto hanno pagato fino a oggi, in attesa dei chiarimenti e della mappatura della reale condizione ISEE. Dovrebbe essere superfluo dire a chi conosce gi\u00e0 la sua condizione economica di adeguare il pagamento del canone che per\u00f2 non pu\u00f2 non tener conto delle condizioni delle strutture che occupano, che di sicuro non possono essere equiparate a quelle popolari in altri luoghi della citt\u00e0. E sul versante pi\u00f9&#8217; concreto vi \u00e8 una possibilit\u00e0 che scade il 31 luglio, che prevede anche per il comune di Potenza di utilizzare 18 milioni previsti in un bando ministeriale per il recupero urbanistico delle zone degradate di periferia, come pu\u00f2 essere Bucaletto. \u00c9 stato comunicato che l&#8217;amministrazione starebbe approntando un progetto per questo bando, senza per\u00f2 condividerlo coi cittadini che sono i destinatari. Non sono chiari \u2013 conclude Giannizzari &#8211; quali interventi sono previsti, se i prefabbricati saranno demoliti e dove saranno indirizzati provvisoriamente gli attuali occupanti-locatari. Appare come l&#8217;ennesima cortina di fumo dietro la quale si spera non si trovi il nulla o una grande confusione come spesso \u00e8 capitato.<\/p>\n","protected":false},"excerpt":{"rendered":"<p>&#8220;L&#8217;aumento del canone di affitto, piombato nei giorni scorsi ai residenti della &#8220;cittadella&#8221; a Bucaletto &#8211; sostiene il consigliere comunale del gruppo M5Stelle di Potenza, &#8230; <\/p>\n","protected":false},"author":2,"featured_media":0,"comment_status":"closed","ping_status":"closed","sticky":false,"template":"single-sidebar.php","format":"standard","meta":{"footnotes":""},"categories":[384],"tags":[],"class_list":["post-16833","post","type-post","status-publish","format-standard","hentry","category-c243-comunicati-stampa-dei-consiglieri-243"],"_links":{"self":[{"href":"https:\/\/archivio.comune.potenza.it\/index.php?rest_route=\/wp\/v2\/posts\/16833"}],"collection":[{"href":"https:\/\/archivio.comune.potenza.it\/index.php?rest_route=\/wp\/v2\/posts"}],"about":[{"href":"https:\/\/archivio.comune.potenza.it\/index.php?rest_route=\/wp\/v2\/types\/post"}],"author":[{"embeddable":true,"href":"https:\/\/archivio.comune.potenza.it\/index.php?rest_route=\/wp\/v2\/users\/2"}],"replies":[{"embeddable":true,"href":"https:\/\/archivio.comune.potenza.it\/index.php?rest_route=%2Fwp%2Fv2%2Fcomments&post=16833"}],"version-history":[{"count":0,"href":"https:\/\/archivio.comune.potenza.it\/index.php?rest_route=\/wp\/v2\/posts\/16833\/revisions"}],"wp:attachment":[{"href":"https:\/\/archivio.comune.potenza.it\/index.php?rest_route=%2Fwp%2Fv2%2Fmedia&parent=16833"}],"wp:term":[{"taxonomy":"category","embeddable":true,"href":"https:\/\/archivio.comune.potenza.it\/index.php?rest_route=%2Fwp%2Fv2%2Fcategories&post=16833"},{"taxonomy":"post_tag","embeddable":true,"href":"https:\/\/archivio.comune.potenza.it\/index.php?rest_route=%2Fwp%2Fv2%2Ftags&post=16833"}],"curies":[{"name":"wp","href":"https:\/\/api.w.org\/{rel}","templated":true}]}}